{"id":114389,"date":"2021-04-05T06:07:37","date_gmt":"2021-04-05T10:07:37","guid":{"rendered":"https:\/\/linitiative.ca\/International\/niger-ouhoumoudou-mahamadou-nomme-premier-ministre\/"},"modified":"2021-04-05T06:07:37","modified_gmt":"2021-04-05T10:07:37","slug":"niger-ouhoumoudou-mahamadou-nomme-premier-ministre","status":"publish","type":"post","link":"https:\/\/linitiative.ca\/International\/niger-ouhoumoudou-mahamadou-nomme-premier-ministre\/","title":{"rendered":"Niger: Ouhoumoudou Mahamadou nomm\u00e9 Premier ministre"},"content":{"rendered":"<div class=\"td-post-featured-image\"><a href=\"https:\/\/www.sidwaya.info\/wp-content\/uploads\/2021\/04\/cb.jpg\" data-caption=\"\"><img loading=\"lazy\" decoding=\"async\" width=\"696\" height=\"538\" class=\"entry-thumb td-modal-image\" src=\"https:\/\/www.sidwaya.info\/wp-content\/uploads\/2021\/04\/cb.jpg\" srcset=\"https:\/\/www.sidwaya.info\/wp-content\/uploads\/2021\/04\/cb.jpg 696w, https:\/\/www.sidwaya.info\/wp-content\/uploads\/2021\/04\/cb-300x232.jpg 300w, https:\/\/www.sidwaya.info\/wp-content\/uploads\/2021\/04\/cb-150x116.jpg 150w, https:\/\/www.sidwaya.info\/wp-content\/uploads\/2021\/04\/cb-543x420.jpg 543w\" sizes=\"auto, (max-width: 696px) 100vw, 696px\" alt=\"\" title=\"cb\"\/><\/a><\/div>\n<p>Niamey, 03 avril 2021(AIB)-Ouhoumoudou Mahamadou, ancien directeur de cabinet du pr\u00e9sident sortant Mahamadou Issoufou, a \u00e9t\u00e9 nomm\u00e9 samedi, Premier ministre par le nouveau pr\u00e9sident nig\u00e9rien Mohammed Bazoum.<\/p>\n<p>La nomination de Ouhoumoudou Mahamadou intervient au lendemain de la prestation de serment du pr\u00e9sident Mohammed Bazoum.<\/p>\n<p>\u00c9conomiste de 65 ans, le nouveau Premier ministre a vu r\u00e9cemment\u00a0 son mandat de d\u00e9put\u00e9 valid\u00e9 par l\u2019Assembl\u00e9e nationale nig\u00e9rienne.<\/p>\n<p>Notons que Ouhoumoudou Mahamadou est \u00e9galement un ancien ministre des Mines et de l\u2019Energie.<\/p>\n<p>Auparavant fonctionnaire en service \u00e0 la commission de la CEDEAO \u00e0 Abuja, il a aussi fait valoir ses comp\u00e9tences \u00e0 l\u2019ONG ADF \u00e0 Ouagadougou.<\/p>\n<p><strong>Agence d\u2019Information du Burkina (AIB)<\/strong><\/p>\n<div class=\"td-a-rec td-a-rec-id-content_bottom tdi_33_b48 td_block_template_1\">\n<p><img loading=\"lazy\" decoding=\"async\" class=\"aligncenter size-full wp-image-27454\" src=\"https:\/\/www.sidwaya.info\/wp-content\/uploads\/2020\/10\/PUB-Bandeau-paiement-mobile-siteweb.jpg\" alt=\"\" width=\"728\" height=\"90\"\/><\/div>\n<p>Auteur: BS. Sidwaya<br \/>\n<a href=\"https:\/\/www.sidwaya.info\/blog\/2021\/04\/05\/niger-ouhoumoudou-mahamadou-nomme-premier-ministre\/\">Cliquez ici pour lire l&rsquo;article depuis sa source.<\/a><\/p>\n","protected":false},"excerpt":{"rendered":"<p>Niamey, 03 avril 2021(AIB)-Ouhoumoudou Mahamadou, ancien directeur de cabinet du pr\u00e9sident sortant Mahamadou Issoufou, a \u00e9t\u00e9 nomm\u00e9 samedi, Premier ministre par le nouveau pr\u00e9sident nig\u00e9rien Mohammed Bazoum. La nomination de Ouhoumoudou Mahamadou intervient au lendemain de la prestation de serment du pr\u00e9sident Mohammed Bazoum. \u00c9conomiste de 65 ans, le nouveau Premier ministre a vu r\u00e9cemment\u00a0 [&hellip;]<\/p>\n","protected":false},"author":1816,"featured_media":0,"comment_status":"closed","ping_status":"closed","sticky":false,"template":"","format":"standard","meta":{"fifu_image_url":"https:\/\/www.sidwaya.info\/wp-content\/uploads\/2021\/04\/cb.jpg","fifu_image_alt":"Niger: Ouhoumoudou Mahamadou nomm\u00e9 Premier ministre","footnotes":""},"categories":[73,81],"tags":[],"class_list":["post-114389","post","type-post","status-publish","format-standard","hentry","category-actualite","category-burkina-faso"],"_links":{"self":[{"href":"https:\/\/linitiative.ca\/International\/wp-json\/wp\/v2\/posts\/114389","targetHints":{"allow":["GET"]}}],"collection":[{"href":"https:\/\/linitiative.ca\/International\/wp-json\/wp\/v2\/posts"}],"about":[{"href":"https:\/\/linitiative.ca\/International\/wp-json\/wp\/v2\/types\/post"}],"author":[{"embeddable":true,"href":"https:\/\/linitiative.ca\/International\/wp-json\/wp\/v2\/users\/1816"}],"replies":[{"embeddable":true,"href":"https:\/\/linitiative.ca\/International\/wp-json\/wp\/v2\/comments?post=114389"}],"version-history":[{"count":0,"href":"https:\/\/linitiative.ca\/International\/wp-json\/wp\/v2\/posts\/114389\/revisions"}],"wp:attachment":[{"href":"https:\/\/linitiative.ca\/International\/wp-json\/wp\/v2\/media?parent=114389"}],"wp:term":[{"taxonomy":"category","embeddable":true,"href":"https:\/\/linitiative.ca\/International\/wp-json\/wp\/v2\/categories?post=114389"},{"taxonomy":"post_tag","embeddable":true,"href":"https:\/\/linitiative.ca\/International\/wp-json\/wp\/v2\/tags?post=114389"}],"curies":[{"name":"wp","href":"https:\/\/api.w.org\/{rel}","templated":true}]}}