{"id":114390,"date":"2021-04-05T13:18:02","date_gmt":"2021-04-05T17:18:02","guid":{"rendered":"https:\/\/linitiative.ca\/International\/la-question-du-sahara-trouvera-son-chemin-vers-un-reglement-par-le-dialogue-entre-les-deux-veritables-parties-ministre-ae\/"},"modified":"2021-04-05T13:18:02","modified_gmt":"2021-04-05T17:18:02","slug":"la-question-du-sahara-trouvera-son-chemin-vers-un-reglement-par-le-dialogue-entre-les-deux-veritables-parties-ministre-ae","status":"publish","type":"post","link":"https:\/\/linitiative.ca\/International\/la-question-du-sahara-trouvera-son-chemin-vers-un-reglement-par-le-dialogue-entre-les-deux-veritables-parties-ministre-ae\/","title":{"rendered":"La question du Sahara trouvera son chemin vers un r\u00e8glement par le dialogue entre les deux v\u00e9ritables parties (ministre AE)"},"content":{"rendered":"<div readability=\"32\">\n<p>Publi\u00e9 le 05.04.2021 \u00e0 18h18 par APA News<\/p>\n<\/div>\n<div readability=\"79\">\n<p>Le ministre marocain des Affaires \u00e9trang\u00e8res, Nasser Bourita a soulign\u00e9 que la question du Sahara trouvera son chemin vers un r\u00e8glement par le dialogue entre les deux v\u00e9ritables parties \u00e0 savoir le Maroc et l\u2019Alg\u00e9rie.\u00ab Je suis tout \u00e0 fait d\u2019accord avec le ministre alg\u00e9rien des Affaires \u00e9trang\u00e8res qui a consid\u00e9r\u00e9 que la solution \u00e0 la question du Sahara trouvera son chemin vers un r\u00e8glement par le dialogue entre les deux v\u00e9ritables parties \u00e0 savoir le Maroc et l\u2019Alg\u00e9rie, lequel r\u00e8glement que nous avons toujours r\u00e9clam\u00e9, en s\u2019asseyant autour de la m\u00eame table de dialogue \u00bb, a-t-il dit lors d\u2019une conf\u00e9rence de presse conjointe avec son homologue s\u00e9n\u00e9galaise, Mme Aissata Sall Tall, \u00e0 l\u2019issue de l\u2019inauguration du Consulat g\u00e9n\u00e9ral du S\u00e9n\u00e9gal \u00e0 Dakhla dans les provinces du sud marocain.<\/p>\n<p>Selon lui, l\u2019Alg\u00e9rie \u00ab doit assumer sa responsabilit\u00e9 dans la question du Sahara en s\u2019asseyant \u00e0 la table du dialogue pour d\u00e9fendre son point de vue, car elle est une partie essentielle dans le conflit en raison de son r\u00f4le historique dans la cr\u00e9ation et la perduration de ce diff\u00e9rend \u00bb.<\/p>\n<p>Et de relever que l\u2019Alg\u00e9rie reconna\u00eet publiquement qu\u2019elle est un acteur majeur dans la question du Sahara eu \u00e9gard de la grande mobilisation que la diplomatie alg\u00e9rienne attache \u00e0 cette question.<\/p>\n<p>\u00ab Le Maroc affirme qu\u2019une solution internationale \u00e0 la question du Sahara est n\u00e9cessaire et elle est impossible sans la pr\u00e9sence de l\u2019Alg\u00e9rie \u00e0 la table du dialogue \u00bb, a-t-il encore insist\u00e9.<\/p>\n<p>Le ministre a affirm\u00e9 que la diplomatie marocaine se caract\u00e9rise par sa \u00ab clart\u00e9, chose qui est confirm\u00e9 par notre approbation de la nomination de l\u2019Envoy\u00e9 personnel du Secr\u00e9taire g\u00e9n\u00e9ral des Nations Unies au Sahara, ajoutant que \u00ab nos actions ne contredisent pas nos d\u00e9clarations et la partie qui cherche \u00e0 faire obstacle \u00e0 cette nomination est clairement visible \u00bb.<\/p>\n<p>\u00ab La seule solution au conflit repose sur l\u2019initiative de l\u2019autonomie \u00bb, a rappel\u00e9 le chef de la diplomatie marocaine.<\/p>\n<p>\u00ab S\u2019il y a une volont\u00e9 s\u00e9rieuse de la part de la vraie partie au conflit (ndlr : le r\u00e9gime alg\u00e9rien), le Maroc est dispos\u00e9 \u00e0 l\u2019ouverture des n\u00e9gociations, mais, si ces man\u0153uvres persistaient, a-t-il dit, le Royaume continuerait dans la m\u00eame approche \u00bb. \u00ab La marocanit\u00e9 du Sahara est non n\u00e9gociable \u00bb, a r\u00e9affirm\u00e9 le chef de la diplomatie du Royaume. Et d\u2019ajouter que le Maroc encourage et s\u2019en tient au seul processus onusien.<\/p>\n<\/div>\n<p>Auteur: APA News<br \/>\n<a href=\"https:\/\/www.journalducameroun.com\/la-question-du-sahara-trouvera-son-chemin-vers-un-reglement-par-le-dialogue-entre-les-deux-veritables-parties-ministre-ae\/\">Cliquez ici pour lire l&rsquo;article depuis sa source.<\/a><\/p>\n","protected":false},"excerpt":{"rendered":"<p>Publi\u00e9 le 05.04.2021 \u00e0 18h18 par APA News Le ministre marocain des Affaires \u00e9trang\u00e8res, Nasser Bourita a soulign\u00e9 que la question du Sahara trouvera son chemin vers un r\u00e8glement par le dialogue entre les deux v\u00e9ritables parties \u00e0 savoir le Maroc et l\u2019Alg\u00e9rie.\u00ab Je suis tout \u00e0 fait d\u2019accord avec le ministre alg\u00e9rien des Affaires [&hellip;]<\/p>\n","protected":false},"author":1965,"featured_media":0,"comment_status":"closed","ping_status":"closed","sticky":false,"template":"","format":"standard","meta":{"fifu_image_url":"","fifu_image_alt":"","footnotes":""},"categories":[73,82],"tags":[],"class_list":["post-114390","post","type-post","status-publish","format-standard","hentry","category-actualite","category-cameroun"],"_links":{"self":[{"href":"https:\/\/linitiative.ca\/International\/wp-json\/wp\/v2\/posts\/114390","targetHints":{"allow":["GET"]}}],"collection":[{"href":"https:\/\/linitiative.ca\/International\/wp-json\/wp\/v2\/posts"}],"about":[{"href":"https:\/\/linitiative.ca\/International\/wp-json\/wp\/v2\/types\/post"}],"author":[{"embeddable":true,"href":"https:\/\/linitiative.ca\/International\/wp-json\/wp\/v2\/users\/1965"}],"replies":[{"embeddable":true,"href":"https:\/\/linitiative.ca\/International\/wp-json\/wp\/v2\/comments?post=114390"}],"version-history":[{"count":0,"href":"https:\/\/linitiative.ca\/International\/wp-json\/wp\/v2\/posts\/114390\/revisions"}],"wp:attachment":[{"href":"https:\/\/linitiative.ca\/International\/wp-json\/wp\/v2\/media?parent=114390"}],"wp:term":[{"taxonomy":"category","embeddable":true,"href":"https:\/\/linitiative.ca\/International\/wp-json\/wp\/v2\/categories?post=114390"},{"taxonomy":"post_tag","embeddable":true,"href":"https:\/\/linitiative.ca\/International\/wp-json\/wp\/v2\/tags?post=114390"}],"curies":[{"name":"wp","href":"https:\/\/api.w.org\/{rel}","templated":true}]}}