{"id":114391,"date":"2021-04-05T13:18:03","date_gmt":"2021-04-05T17:18:03","guid":{"rendered":"https:\/\/linitiative.ca\/International\/le-maroc-et-le-senegal-signent-trois-accords-de-cooperation\/"},"modified":"2021-04-05T13:18:03","modified_gmt":"2021-04-05T17:18:03","slug":"le-maroc-et-le-senegal-signent-trois-accords-de-cooperation","status":"publish","type":"post","link":"https:\/\/linitiative.ca\/International\/le-maroc-et-le-senegal-signent-trois-accords-de-cooperation\/","title":{"rendered":"Le Maroc et le S\u00e9n\u00e9gal signent trois accords de coop\u00e9ration"},"content":{"rendered":"<div readability=\"32\">\n<p>Publi\u00e9 le 05.04.2021 \u00e0 18h18 par APA News<\/p>\n<\/div>\n<div readability=\"78\">\n<p>Par Hicham Alaoui \u2014 Le Maroc et le S\u00e9n\u00e9gal ont sign\u00e9, lundi \u00e0 Dakhla, trois accords de coop\u00e9ration en marge de l\u2019inauguration du Consulat g\u00e9n\u00e9ral du S\u00e9n\u00e9gal dans cette ville du sud marocain.Sign\u00e9s par le ministre marocain des Affaires \u00e9trang\u00e8res, Nasser Bourita et son homologue s\u00e9n\u00e9galaise, Mme Aissata Sall Tall, ces accords portent sur la coop\u00e9ration en mati\u00e8re de d\u00e9centralisation, des Technologies de l\u2019Information et de la Communication et l\u2019Aviation Civile.<\/p>\n<p>Le premier accord d\u00e9finit le cadre de coop\u00e9ration entre les deux pays dans le domaine de la d\u00e9centralisation. Cette coop\u00e9ration va se concr\u00e9tiser \u00e0 travers la redynamisation entre les Collectivit\u00e9s territoriales marocaines et s\u00e9n\u00e9galaises des relations de jumelage, la mise en \u0153uvre effective des conventions de coop\u00e9ration et de partenariat, l\u2019\u00e9change d\u2019exp\u00e9riences et de connaissances en mati\u00e8re de gouvernance locale et de gestion de proximit\u00e9 des entit\u00e9s d\u00e9centralis\u00e9es.<\/p>\n<p>Le deuxi\u00e8me accord a pour objectif de fixer le cadre d\u2019\u00e9change et de collaboration dans le domaine des Technologies de l\u2019Information et de la Communication en vue d\u2019un d\u00e9veloppement \u00e9conomique, social et culturel des deux pays.<\/p>\n<p>Les deux parties conviennent de d\u00e9velopper, de renforcer et d\u2019approfondir une coop\u00e9ration mutuellement avantageuse en la mati\u00e8re et ce, \u00e0 travers l\u2019\u00e9change d\u2019informations, de comp\u00e9tences et d\u2019expertise notamment en ce qui concerne les strat\u00e9gies nationales et la r\u00e9glementation des TIC, le d\u00e9veloppement de l\u2019industrie TI et du contenu num\u00e9rique \u00e9ducatif, le domaine de l\u2019universit\u00e9 num\u00e9rique et d\u2019enseignement \u00e0 distance, le transfert des technologies et des meilleures pratiques dans le domaine de l\u2019e-gouvernement.<\/p>\n<p>Quant au troisi\u00e8me accord, il a pour objectif de renforcer la coop\u00e9ration technique entre les deux pays dans le domaine de l\u2019aviation civile.<\/p>\n<p>A travers ce m\u00e9morandum d\u2019accord, les deux parties prennent les mesures n\u00e9cessaires pour r\u00e9aliser un programme d\u2019actions de partenariat articul\u00e9s autour de plusieurs axes aff\u00e9rents entre autres \u00e0 l\u2019assistance technique en mati\u00e8re de s\u00e9curit\u00e9 et de suret\u00e9 de l\u2019aviation civile ainsi que l\u2019assistance en mati\u00e8re de d\u00e9veloppement du transport a\u00e9rien.<\/p>\n<p>Cette coop\u00e9ration sera concr\u00e9tis\u00e9e par l\u2019\u00e9change d\u2019expertises et d\u2019informations en la mati\u00e8re, de visites d\u2019\u00e9tudes et de formations sp\u00e9cifiques.<\/p>\n<\/div>\n<p>Auteur: APA News<br \/>\n<a href=\"https:\/\/www.journalducameroun.com\/le-maroc-et-le-senegal-signent-trois-accords-de-cooperation\/\">Cliquez ici pour lire l&rsquo;article depuis sa source.<\/a><\/p>\n","protected":false},"excerpt":{"rendered":"<p>Publi\u00e9 le 05.04.2021 \u00e0 18h18 par APA News Par Hicham Alaoui \u2014 Le Maroc et le S\u00e9n\u00e9gal ont sign\u00e9, lundi \u00e0 Dakhla, trois accords de coop\u00e9ration en marge de l\u2019inauguration du Consulat g\u00e9n\u00e9ral du S\u00e9n\u00e9gal dans cette ville du sud marocain.Sign\u00e9s par le ministre marocain des Affaires \u00e9trang\u00e8res, Nasser Bourita et son homologue s\u00e9n\u00e9galaise, Mme [&hellip;]<\/p>\n","protected":false},"author":1965,"featured_media":0,"comment_status":"closed","ping_status":"closed","sticky":false,"template":"","format":"standard","meta":{"fifu_image_url":"","fifu_image_alt":"","footnotes":""},"categories":[73,82],"tags":[],"class_list":["post-114391","post","type-post","status-publish","format-standard","hentry","category-actualite","category-cameroun"],"_links":{"self":[{"href":"https:\/\/linitiative.ca\/International\/wp-json\/wp\/v2\/posts\/114391","targetHints":{"allow":["GET"]}}],"collection":[{"href":"https:\/\/linitiative.ca\/International\/wp-json\/wp\/v2\/posts"}],"about":[{"href":"https:\/\/linitiative.ca\/International\/wp-json\/wp\/v2\/types\/post"}],"author":[{"embeddable":true,"href":"https:\/\/linitiative.ca\/International\/wp-json\/wp\/v2\/users\/1965"}],"replies":[{"embeddable":true,"href":"https:\/\/linitiative.ca\/International\/wp-json\/wp\/v2\/comments?post=114391"}],"version-history":[{"count":0,"href":"https:\/\/linitiative.ca\/International\/wp-json\/wp\/v2\/posts\/114391\/revisions"}],"wp:attachment":[{"href":"https:\/\/linitiative.ca\/International\/wp-json\/wp\/v2\/media?parent=114391"}],"wp:term":[{"taxonomy":"category","embeddable":true,"href":"https:\/\/linitiative.ca\/International\/wp-json\/wp\/v2\/categories?post=114391"},{"taxonomy":"post_tag","embeddable":true,"href":"https:\/\/linitiative.ca\/International\/wp-json\/wp\/v2\/tags?post=114391"}],"curies":[{"name":"wp","href":"https:\/\/api.w.org\/{rel}","templated":true}]}}