{"id":114392,"date":"2021-04-05T16:18:58","date_gmt":"2021-04-05T20:18:58","guid":{"rendered":"https:\/\/linitiative.ca\/International\/cameroun-paul-biya-decrete-des-obseques-officielles-pour-le-secretaire-detat-alim-hayatou-et-le-milliardaire-pascal-monkam\/"},"modified":"2021-04-05T16:18:58","modified_gmt":"2021-04-05T20:18:58","slug":"cameroun-paul-biya-decrete-des-obseques-officielles-pour-le-secretaire-detat-alim-hayatou-et-le-milliardaire-pascal-monkam","status":"publish","type":"post","link":"https:\/\/linitiative.ca\/International\/cameroun-paul-biya-decrete-des-obseques-officielles-pour-le-secretaire-detat-alim-hayatou-et-le-milliardaire-pascal-monkam\/","title":{"rendered":"Cameroun : Paul Biya d\u00e9cr\u00e8te des obs\u00e8ques officielles pour le Secr\u00e9taire d\u2019Etat Alim Hayatou et le milliardaire Pascal Monkam"},"content":{"rendered":"<div readability=\"32\">\n<p>Publi\u00e9 le 05.04.2021 \u00e0 21h18 par JournalduCameroun.com<\/p>\n<\/div>\n<div readability=\"56\">\n<h5 class=\"c9\">Ces obs\u00e8ques auront lieu dans les villages respectifs des deux personnalit\u00e9s mardi et samedi prochains.<\/h5>\n<p class=\"c10\">Apr\u00e8s l\u2019annonce officielle de la mort d\u2019<strong>Alim Hayatou<\/strong>, Secr\u00e9taire d\u2019Etat aupr\u00e8s du ministre de la Sant\u00e9 publique, par le Premier ministre, le pr\u00e9sident de la R\u00e9publique institue des <strong>obs\u00e8ques officielles<\/strong> pour ce membre du gouvernement. Elles se tiendront le mardi 6 avril \u00e0 Garoua, ville natale de l\u2019illustre disparu.<\/p>\n<p class=\"c10\">Quant au milliardaire <strong>Pascal Monkam<\/strong>, il est \u00e9galement institu\u00e9 des obs\u00e8ques officielles pour la journ\u00e9e du samedi 10 avril, \u00e0 Bakassa, dans le d\u00e9partement du Haut-Nkam. D\u00e9c\u00e9d\u00e9 le 27 f\u00e9vrier dernier \u00e0 Pretoria, en Afrique du Sud, Pascal Monkam \u00e9tait le Pr\u00e9sident directeur g\u00e9n\u00e9ral des \u00e9tablissements Monkam, qui comprennent une chaine h\u00f4teli\u00e8re.<\/p>\n<p class=\"c10\">Alim Hayatou, par ailleurs lamido de Garoua, s\u2019est \u00e9teint ce 5 avril apr\u00e8s avoir pass\u00e9 plusieurs jours sous assistance respiratoire suite \u00e0 une infection au coronavirus. Il \u00e9tait Secr\u00e9taire d\u2019Etat aupr\u00e8s du ministre de la Sant\u00e9 depuis 1996.<\/p>\n<\/div>\n<p>Auteur: journalducameroun<br \/>\n<a href=\"https:\/\/www.journalducameroun.com\/cameroun-paul-biya-decrete-des-obseques-officielles-pour-le-secretaire-detat-alim-hayatou-et-le-milliardaire-pascal-monkam-cameroun\/\">Cliquez ici pour lire l&rsquo;article depuis sa source.<\/a><\/p>\n","protected":false},"excerpt":{"rendered":"<p>Publi\u00e9 le 05.04.2021 \u00e0 21h18 par JournalduCameroun.com Ces obs\u00e8ques auront lieu dans les villages respectifs des deux personnalit\u00e9s mardi et samedi prochains. Apr\u00e8s l\u2019annonce officielle de la mort d\u2019Alim Hayatou, Secr\u00e9taire d\u2019Etat aupr\u00e8s du ministre de la Sant\u00e9 publique, par le Premier ministre, le pr\u00e9sident de la R\u00e9publique institue des obs\u00e8ques officielles pour ce membre [&hellip;]<\/p>\n","protected":false},"author":1965,"featured_media":0,"comment_status":"closed","ping_status":"closed","sticky":false,"template":"","format":"standard","meta":{"fifu_image_url":"","fifu_image_alt":"","footnotes":""},"categories":[73,82],"tags":[],"class_list":["post-114392","post","type-post","status-publish","format-standard","hentry","category-actualite","category-cameroun"],"_links":{"self":[{"href":"https:\/\/linitiative.ca\/International\/wp-json\/wp\/v2\/posts\/114392","targetHints":{"allow":["GET"]}}],"collection":[{"href":"https:\/\/linitiative.ca\/International\/wp-json\/wp\/v2\/posts"}],"about":[{"href":"https:\/\/linitiative.ca\/International\/wp-json\/wp\/v2\/types\/post"}],"author":[{"embeddable":true,"href":"https:\/\/linitiative.ca\/International\/wp-json\/wp\/v2\/users\/1965"}],"replies":[{"embeddable":true,"href":"https:\/\/linitiative.ca\/International\/wp-json\/wp\/v2\/comments?post=114392"}],"version-history":[{"count":0,"href":"https:\/\/linitiative.ca\/International\/wp-json\/wp\/v2\/posts\/114392\/revisions"}],"wp:attachment":[{"href":"https:\/\/linitiative.ca\/International\/wp-json\/wp\/v2\/media?parent=114392"}],"wp:term":[{"taxonomy":"category","embeddable":true,"href":"https:\/\/linitiative.ca\/International\/wp-json\/wp\/v2\/categories?post=114392"},{"taxonomy":"post_tag","embeddable":true,"href":"https:\/\/linitiative.ca\/International\/wp-json\/wp\/v2\/tags?post=114392"}],"curies":[{"name":"wp","href":"https:\/\/api.w.org\/{rel}","templated":true}]}}