{"id":114393,"date":"2021-04-05T16:37:27","date_gmt":"2021-04-05T20:37:27","guid":{"rendered":"https:\/\/linitiative.ca\/International\/cameroun-6-morts-et-trois-blesses-graves-dans-un-accident-sur-laxe-routier-bertoua-batouri\/"},"modified":"2021-04-05T16:37:27","modified_gmt":"2021-04-05T20:37:27","slug":"cameroun-6-morts-et-trois-blesses-graves-dans-un-accident-sur-laxe-routier-bertoua-batouri","status":"publish","type":"post","link":"https:\/\/linitiative.ca\/International\/cameroun-6-morts-et-trois-blesses-graves-dans-un-accident-sur-laxe-routier-bertoua-batouri\/","title":{"rendered":"Cameroun : 6 morts et trois bless\u00e9s graves dans un accident sur l\u2019axe routier Bertoua-Batouri"},"content":{"rendered":"<div readability=\"32\">\n<p>Publi\u00e9 le 05.04.2021 \u00e0 21h37 par JournalduCameroun.com<\/p>\n<\/div>\n<div readability=\"49\">\n<h5 class=\"c9\">Le drame est survenu ce jour apr\u00e8s une collision entre deux v\u00e9hicules.<\/h5>\n<p class=\"c10\">Les premiers constats faits par des \u00e9l\u00e9ments de la gendarmerie nationale r\u00e9v\u00e8lent que c\u2019est un d\u00e9passement hasardeux et l\u2019exc\u00e8s de vitesse qui sont \u00e0 l\u2019origine d\u2019une collision mortelle ce 5 avril non loin d\u2019Akokan, sur l\u2019<strong>axe Bertoua-Batouri<\/strong>, dans la r\u00e9gion de l\u2019Est du <strong>Cameroun<\/strong>.<\/p>\n<p class=\"c10\">Une Toyota Carina appartenant \u00e0 la compagnie Narral Voyages, partie de Batouri et ayant \u00e0 son bord sept passagers aurait essay\u00e9 de d\u00e9passer un camion grumier sur une route en terre, mouill\u00e9e par la pluie. La voiture va se trouver face \u00e0 au tout terrain d\u2019une ONG confessionnelle.<\/p>\n<p class=\"c10\">Le choc va laisser 6 passagers de la Carina sur le carreau, dont le \u00a0chauffeur. Les trois bless\u00e9s, dont un qui a perdu un bras, vont \u00eatre dirig\u00e9s dans des h\u00f4pitaux de la ville de Bertoua.<\/p>\n<\/div>\n<p>Auteur: journalducameroun<br \/>\n<a href=\"https:\/\/www.journalducameroun.com\/cameroun-6-morts-et-trois-blesses-graves-dans-un-accident-sur-laxe-routier-bertoua-batouri-cameroun\/\">Cliquez ici pour lire l&rsquo;article depuis sa source.<\/a><\/p>\n","protected":false},"excerpt":{"rendered":"<p>Publi\u00e9 le 05.04.2021 \u00e0 21h37 par JournalduCameroun.com Le drame est survenu ce jour apr\u00e8s une collision entre deux v\u00e9hicules. Les premiers constats faits par des \u00e9l\u00e9ments de la gendarmerie nationale r\u00e9v\u00e8lent que c\u2019est un d\u00e9passement hasardeux et l\u2019exc\u00e8s de vitesse qui sont \u00e0 l\u2019origine d\u2019une collision mortelle ce 5 avril non loin d\u2019Akokan, sur l\u2019axe [&hellip;]<\/p>\n","protected":false},"author":1965,"featured_media":0,"comment_status":"closed","ping_status":"closed","sticky":false,"template":"","format":"standard","meta":{"fifu_image_url":"","fifu_image_alt":"","footnotes":""},"categories":[73,82],"tags":[],"class_list":["post-114393","post","type-post","status-publish","format-standard","hentry","category-actualite","category-cameroun"],"_links":{"self":[{"href":"https:\/\/linitiative.ca\/International\/wp-json\/wp\/v2\/posts\/114393","targetHints":{"allow":["GET"]}}],"collection":[{"href":"https:\/\/linitiative.ca\/International\/wp-json\/wp\/v2\/posts"}],"about":[{"href":"https:\/\/linitiative.ca\/International\/wp-json\/wp\/v2\/types\/post"}],"author":[{"embeddable":true,"href":"https:\/\/linitiative.ca\/International\/wp-json\/wp\/v2\/users\/1965"}],"replies":[{"embeddable":true,"href":"https:\/\/linitiative.ca\/International\/wp-json\/wp\/v2\/comments?post=114393"}],"version-history":[{"count":0,"href":"https:\/\/linitiative.ca\/International\/wp-json\/wp\/v2\/posts\/114393\/revisions"}],"wp:attachment":[{"href":"https:\/\/linitiative.ca\/International\/wp-json\/wp\/v2\/media?parent=114393"}],"wp:term":[{"taxonomy":"category","embeddable":true,"href":"https:\/\/linitiative.ca\/International\/wp-json\/wp\/v2\/categories?post=114393"},{"taxonomy":"post_tag","embeddable":true,"href":"https:\/\/linitiative.ca\/International\/wp-json\/wp\/v2\/tags?post=114393"}],"curies":[{"name":"wp","href":"https:\/\/api.w.org\/{rel}","templated":true}]}}