{"id":114394,"date":"2021-04-05T17:03:44","date_gmt":"2021-04-05T21:03:44","guid":{"rendered":"https:\/\/linitiative.ca\/International\/cameroun-coronavirus-le-gouverneur-de-la-region-de-louest-suspend-lorganisation-de-funerailles\/"},"modified":"2021-04-05T17:03:44","modified_gmt":"2021-04-05T21:03:44","slug":"cameroun-coronavirus-le-gouverneur-de-la-region-de-louest-suspend-lorganisation-de-funerailles","status":"publish","type":"post","link":"https:\/\/linitiative.ca\/International\/cameroun-coronavirus-le-gouverneur-de-la-region-de-louest-suspend-lorganisation-de-funerailles\/","title":{"rendered":"Cameroun-Coronavirus : le gouverneur de la r\u00e9gion de l\u2019Ouest suspend l\u2019organisation de fun\u00e9railles"},"content":{"rendered":"<div readability=\"32\">\n<p>Publi\u00e9 le 05.04.2021 \u00e0 22h03 par JournalduCameroun.com<\/p>\n<\/div>\n<div readability=\"54\">\n<h5 class=\"c9\">L\u2019autorit\u00e9 prend cette mesure administrative au moment o\u00f9 le gouvernement note une remont\u00e9e des cas de coronavirus dans la pays.<\/h5>\n<p class=\"c10\">Pendant les deux prochains mois, il ne sera pas organis\u00e9, sur toute l\u2019\u00e9tendue du territoire de la <strong>r\u00e9gion de l\u2019Ouest<\/strong> du <strong>Cameroun<\/strong>, des c\u00e9r\u00e9monies de fun\u00e9railles. Tout comme les mariages, les obs\u00e8ques et les concerts devront \u00eatre limit\u00e9s \u00e0 50 personnes.<\/p>\n<p class=\"c10\">Ainsi en a d\u00e9cid\u00e9 Awa Fonka Augustine, gouverneur de la r\u00e9gion de l\u2019Ouest. La plus haute autorit\u00e9 de la r\u00e9gion pr\u00e9cise que cette suspension de deux mois est <em>\u00ab\u00a0\u00e9ventuellement renouvelable\u00a0\u00bb.<\/em> Le gouverneur r\u00e9active ainsi des mesures \u00e9dict\u00e9es par le gouvernement le 17 mars 2020, au d\u00e9but de pand\u00e9mie au Cameroun.<\/p>\n<p class=\"c10\">Il y a un peu plus de deux semaines, Awa Fonka Augustine \u00e9tait descendu dans les rues la ville de Bafoussam, capitale r\u00e9gionale de l\u2019Ouest, pour sensibiliser sur le respect des mesures barri\u00e8res par la population. Tr\u00e8s ancr\u00e9es dans la culture des populations de l\u2019Ouest, les fun\u00e9railles sont des moments de grands rassemblements.<\/p>\n<\/div>\n<p>Auteur: journalducameroun<br \/>\n<a href=\"https:\/\/www.journalducameroun.com\/cameroun-coronavirus-le-gouverneur-de-la-region-de-louest-suspend-lorganisation-de-funerailles-cameroun\/\">Cliquez ici pour lire l&rsquo;article depuis sa source.<\/a><\/p>\n","protected":false},"excerpt":{"rendered":"<p>Publi\u00e9 le 05.04.2021 \u00e0 22h03 par JournalduCameroun.com L\u2019autorit\u00e9 prend cette mesure administrative au moment o\u00f9 le gouvernement note une remont\u00e9e des cas de coronavirus dans la pays. Pendant les deux prochains mois, il ne sera pas organis\u00e9, sur toute l\u2019\u00e9tendue du territoire de la r\u00e9gion de l\u2019Ouest du Cameroun, des c\u00e9r\u00e9monies de fun\u00e9railles. Tout comme [&hellip;]<\/p>\n","protected":false},"author":1965,"featured_media":0,"comment_status":"closed","ping_status":"closed","sticky":false,"template":"","format":"standard","meta":{"fifu_image_url":"","fifu_image_alt":"","footnotes":""},"categories":[73,82],"tags":[],"class_list":["post-114394","post","type-post","status-publish","format-standard","hentry","category-actualite","category-cameroun"],"_links":{"self":[{"href":"https:\/\/linitiative.ca\/International\/wp-json\/wp\/v2\/posts\/114394","targetHints":{"allow":["GET"]}}],"collection":[{"href":"https:\/\/linitiative.ca\/International\/wp-json\/wp\/v2\/posts"}],"about":[{"href":"https:\/\/linitiative.ca\/International\/wp-json\/wp\/v2\/types\/post"}],"author":[{"embeddable":true,"href":"https:\/\/linitiative.ca\/International\/wp-json\/wp\/v2\/users\/1965"}],"replies":[{"embeddable":true,"href":"https:\/\/linitiative.ca\/International\/wp-json\/wp\/v2\/comments?post=114394"}],"version-history":[{"count":0,"href":"https:\/\/linitiative.ca\/International\/wp-json\/wp\/v2\/posts\/114394\/revisions"}],"wp:attachment":[{"href":"https:\/\/linitiative.ca\/International\/wp-json\/wp\/v2\/media?parent=114394"}],"wp:term":[{"taxonomy":"category","embeddable":true,"href":"https:\/\/linitiative.ca\/International\/wp-json\/wp\/v2\/categories?post=114394"},{"taxonomy":"post_tag","embeddable":true,"href":"https:\/\/linitiative.ca\/International\/wp-json\/wp\/v2\/tags?post=114394"}],"curies":[{"name":"wp","href":"https:\/\/api.w.org\/{rel}","templated":true}]}}