{"id":114396,"date":"2021-04-05T10:45:54","date_gmt":"2021-04-05T14:45:54","guid":{"rendered":"https:\/\/linitiative.ca\/International\/gouvernance-forestiere-lunion-europeenne-et-lallemagne-rejettent-le-sigif-2\/"},"modified":"2021-04-05T10:45:54","modified_gmt":"2021-04-05T14:45:54","slug":"gouvernance-forestiere-lunion-europeenne-et-lallemagne-rejettent-le-sigif-2","status":"publish","type":"post","link":"https:\/\/linitiative.ca\/International\/gouvernance-forestiere-lunion-europeenne-et-lallemagne-rejettent-le-sigif-2\/","title":{"rendered":"Gouvernance foresti\u00e8re : l\u2019Union Europ\u00e9enne et l\u2019Allemagne rejettent le SIGIF 2"},"content":{"rendered":"<p>Une bonne nouvelle peut en cacher une mauvaise. Au moment o\u00f9 le Cameroun vient d\u2019obtenir un financement de 7,2 milliards de FCFA du Fonds\u00a0 de l\u2019environnement mondial (FEM), en vue de renforcer la gouvernance foresti\u00e8re communautaire \u00e0 travers l\u2019investissement priv\u00e9, notamment dans les domaines du tourisme et du d\u00e9veloppement local, les relations entre l\u2019Union Europ\u00e9enne et la Coop\u00e9ration Allemande se d\u00e9gradent s\u00e9rieusement en ce qui concerne la gouvernance foresti\u00e8re. Le Cameroun est en effet entr\u00e9 en d\u00e9licatesse avec ces partenaires repr\u00e9sent\u00e9s respectivement par la KFW (banque Allemande) et la GIZ (Coop\u00e9ration Allemande).<\/p>\n<p>Dans un communiqu\u00e9 conjoint, l\u2019Union Europ\u00e9enne et la Coop\u00e9ration Allemande accusent le Cameroun d\u2019avoir fait cavalier seul dans la mise en place du SIGIF 2, le Syst\u00e8me Informatique de Gestion des Informations Foresti\u00e8res de 2\u00e8me g\u00e9n\u00e9ration, outil technique destin\u00e9 \u00e0 accompagner le Cameroun vers une meilleure gouvernance foresti\u00e8re, une plus grande transparence du secteur, \u00e0 la lutte contre la corruption et l\u2019ill\u00e9galit\u00e9. Ainsi qu\u2019\u00e0 \u0153uvrer pour la durabilit\u00e9 et le renouvellement de la ressource foresti\u00e8re, la mobilisation des ressources financi\u00e8res domestiques \u00e0 travers une fiscalit\u00e9 foresti\u00e8re incitative, la d\u00e9mat\u00e9rialisation et la digitalisation. Financ\u00e9 depuis 2015 par l\u2019Union Europ\u00e9enne et la Coop\u00e9ration Allemande, le SIGIF 2, d\u2019apr\u00e8s le communiqu\u00e9 conjoint, \u00abaurait d\u00fb \u00eatre une \u00e9tape cruciale de la mise en \u0153uvre de l\u2019Accord de Partenariat Volontaire pour l\u2019application des r\u00e8glementations foresti\u00e8res, la gouvernance et les \u00e9changes commerciaux (APV FLEGT).\u00a0<\/p>\n<p><strong>Lire aussi<\/strong> : <strong><a href=\"https:\/\/ecomatin.net\/exploitation-illegale-des-forets-plus-de-5000-m3-de-bois-saisis-dans-le-littoral-en-2019\/\">Exploitation ill\u00e9gale des for\u00eats : plus de 5000 m3 de bois saisis dans le littoral en 2019<\/a><\/strong><\/p>\n<p>Sauf que, d\u2019apr\u00e8s les deux entit\u00e9s europ\u00e9ennes, le Minist\u00e8re des For\u00eats et de Faune (MINFOF) camerounais \u00aba retenu de mani\u00e8re unilat\u00e9rale\u00bb une version du SIGIF 2, apr\u00e8s s\u2019\u00eatre, avec les financements Europ\u00e9ens et Allemands, attach\u00e9 les services d\u2019un prestataire pour la mise en \u0153uvre de cet outil de gestion, pendant 14 mois. Ledit prestataire aurait d\u2019ailleurs b\u00e9n\u00e9fici\u00e9 d\u2019une prolongation de contrat de 34 mois pour finaliser le logiciel, \u00aben raison des validations compliqu\u00e9es de livrables interm\u00e9diaires par la Commission de r\u00e9ception\u00bb, mentionne le communiqu\u00e9 conjoint. Toutefois, la version du SIGIF 2 sera finalement livr\u00e9e au MINFOF en novembre 2018. Par contre, les partenaires techniques et financiers europ\u00e9ens, regroup\u00e9s au sein d\u2019une Commission ad hoc, ont refus\u00e9 de r\u00e9ceptionner le SIGIF 2, pour \u00abnon-conformit\u00e9 au cahier des charges\u00bb. D\u2019apr\u00e8s le KFW et le GTZ, les tests r\u00e9alis\u00e9s par un consultant ind\u00e9pendant ont effet r\u00e9v\u00e9l\u00e9 des dysfonctionnements majeurs: \u00abSon d\u00e9veloppement a fait l\u2019objet de divergences importantes entre, d\u2019une part, le MINFOF, et d\u2019autre part, l\u2019Union Europ\u00e9enne et l\u2019Allemagne via le KFW. Ces derniers ont exprim\u00e9 ouvertement leurs diff\u00e9rends tout au long du processus de d\u00e9veloppement et d\u2019\u00e9valuation du SIGIF 2, tout en offrant leur appui mat\u00e9riel, financier et technique pour faire disparaitre ces discordances\u00bb, r\u00e9v\u00e8le le communiqu\u00e9 publi\u00e9 le 1er avril 2021.<\/p>\n<p><strong>Lire aussi<\/strong> : <strong><a href=\"https:\/\/ecomatin.net\/forets-debo-dimportants-revenus-perdus\/\">Forets d\u2019Ebo : d\u2019importants revenus perdus<\/a><\/strong><\/p>\n<p>Pour avoir \u00e9t\u00e9 \u00e9cart\u00e9 du processus de mise en \u0153uvre du logiciel et de l\u2019avanc\u00e9e du march\u00e9 y relatif, KFW, en tant que partenaire financier, dit \u00abne plus \u00eatre engag\u00e9 vis-\u00e0-vis de cette activit\u00e9\u00bb. Par cons\u00e9quent, l\u2019Union Europ\u00e9enne et l\u2019Allemagne d\u00e9cident de \u00abde ne pas reconna\u00eetre la version actuelle du SIGIF 2 qui a \u00e9t\u00e9 retenu de fa\u00e7on unilat\u00e9rale par les services du MINFOF, et pourtant d\u00e9velopp\u00e9e sur les financements Europ\u00e9ens, qu\u2019il conviendra donc de justifier devant les parlements Europ\u00e9ens, indique clairement le KFW et le GIZ. Le SIGIF 2 est ainsi consid\u00e9r\u00e9 par les partenaires techniques et financiers europ\u00e9ens du Cameroun comme un simple outil national interne de gouvernance foresti\u00e8re (contr\u00f4le, tra\u00e7abilit\u00e9 et l\u00e9galit\u00e9 dans le commerce du bois camerounais).\u00a0 L\u2019Union Europ\u00e9enne ne ferme n\u00e9anmoins pas la porte \u00e0 d\u2019\u00e9ventuelles ren\u00e9gociations pour la mise en place d\u2019un autre instrument ou la refonte int\u00e9grale du SIGIF 2. A suivre.<\/p>\n<p><strong>Lire aussi<\/strong> : <strong><a href=\"https:\/\/ecomatin.net\/protection-de-la-nature-le-fonds-pour-lenvironnement-accorde-72-milliards-de-fcfa-au-cameroun\/\">Protection de la nature : le fonds pour l\u2019environnement accorde 7,2 milliards de Fcfa au Cameroun<\/a><\/strong><\/p>\n<p>Auteur: Georges Semey<br \/>\n<a href=\"https:\/\/ecomatin.net\/gouvernance-forestiere-lunion-europeenne-et-lallemagne-rejettent-le-sigif-2\/\">Cliquez ici pour lire l&rsquo;article depuis sa source.<\/a><\/p>\n","protected":false},"excerpt":{"rendered":"<p>Une bonne nouvelle peut en cacher une mauvaise. Au moment o\u00f9 le Cameroun vient d\u2019obtenir un financement de 7,2 milliards de FCFA du Fonds\u00a0 de l\u2019environnement mondial (FEM), en vue de renforcer la gouvernance foresti\u00e8re communautaire \u00e0 travers l\u2019investissement priv\u00e9, notamment dans les domaines du tourisme et du d\u00e9veloppement local, les relations entre l\u2019Union Europ\u00e9enne [&hellip;]<\/p>\n","protected":false},"author":1969,"featured_media":0,"comment_status":"closed","ping_status":"closed","sticky":false,"template":"","format":"standard","meta":{"fifu_image_url":"","fifu_image_alt":"","footnotes":""},"categories":[82,78],"tags":[],"class_list":["post-114396","post","type-post","status-publish","format-standard","hentry","category-cameroun","category-economie"],"_links":{"self":[{"href":"https:\/\/linitiative.ca\/International\/wp-json\/wp\/v2\/posts\/114396","targetHints":{"allow":["GET"]}}],"collection":[{"href":"https:\/\/linitiative.ca\/International\/wp-json\/wp\/v2\/posts"}],"about":[{"href":"https:\/\/linitiative.ca\/International\/wp-json\/wp\/v2\/types\/post"}],"author":[{"embeddable":true,"href":"https:\/\/linitiative.ca\/International\/wp-json\/wp\/v2\/users\/1969"}],"replies":[{"embeddable":true,"href":"https:\/\/linitiative.ca\/International\/wp-json\/wp\/v2\/comments?post=114396"}],"version-history":[{"count":0,"href":"https:\/\/linitiative.ca\/International\/wp-json\/wp\/v2\/posts\/114396\/revisions"}],"wp:attachment":[{"href":"https:\/\/linitiative.ca\/International\/wp-json\/wp\/v2\/media?parent=114396"}],"wp:term":[{"taxonomy":"category","embeddable":true,"href":"https:\/\/linitiative.ca\/International\/wp-json\/wp\/v2\/categories?post=114396"},{"taxonomy":"post_tag","embeddable":true,"href":"https:\/\/linitiative.ca\/International\/wp-json\/wp\/v2\/tags?post=114396"}],"curies":[{"name":"wp","href":"https:\/\/api.w.org\/{rel}","templated":true}]}}