{"id":114397,"date":"2021-04-05T12:05:37","date_gmt":"2021-04-05T16:05:37","guid":{"rendered":"https:\/\/linitiative.ca\/International\/action-gouvernementale-interrogations-sur-la-methode-dion-ngute\/"},"modified":"2021-04-05T12:05:37","modified_gmt":"2021-04-05T16:05:37","slug":"action-gouvernementale-interrogations-sur-la-methode-dion-ngute","status":"publish","type":"post","link":"https:\/\/linitiative.ca\/International\/action-gouvernementale-interrogations-sur-la-methode-dion-ngute\/","title":{"rendered":"Action gouvernementale: interrogations sur la m\u00e9thode Dion Ngute"},"content":{"rendered":"<p>Vendredi 4 octobre 2019. Une centaine de personnalit\u00e9s se faufilent habilement dans les all\u00e9es bond\u00e9es du palais des congr\u00e8s de Yaound\u00e9. Le grand dialogue national vient de s\u2019achever, et chacun veut se faire une place sur la photo de famille qui rentrera dans l\u2019histoire. Au premier rang, on distingue des dignitaires de la R\u00e9publique tels que l\u2019ancien premier ministre Peter Mafany Musongue, le leader du SDF Ni John Fru Ndi ou encore le lamido Aboubakary Abdoulaye. Les objectifs des cam\u00e9ras cr\u00e9pitent devant l\u2019impressionnant parterre d\u2019invit\u00e9s. Mais une seule personne, au centre, retient toutes les attentions : il s\u2019agit du premier ministre camerounais, qui vient de tenir le pari d\u2019organiser avec succ\u00e8s cette grand-messe de l\u2019univers socio-politique camerounais. Les semaines qui suivent, l\u2019Opinion se prend en admiration devant ce juriste de 67 ans qui jouit d\u2019une virginit\u00e9 politique du fait d\u2019une longue carri\u00e8re administrative pass\u00e9e \u00e0 l\u2019abri des feux des projecteurs. Sur les r\u00e9seaux sociaux, un hashtag #DionNgutePresident\u00a0apparait furtivement, avant de s\u2019\u00e9vaporer aussit\u00f4t.<\/p>\n<p><strong>Lire aussi<\/strong> : <strong><a href=\"https:\/\/ecomatin.net\/lettres-attribuees-au-sgpr-fausses-polemiques-et-vraie-question\/\">Lettres attribu\u00e9es au SGPR : fausses pol\u00e9miques et vraie question<\/a><\/strong><\/p>\n<p>Le nouveau premier ministre vit une ann\u00e9e de gr\u00e2ce. Apr\u00e8s sa nomination le 4 janvier 2019, le natif de Bongong Barombi dans la r\u00e9gion du Sud-Ouest s\u2019est imm\u00e9diatement attel\u00e9 \u00e0 la mission premi\u00e8re que lui avait confi\u00e9e le chef de l\u2019Etat, \u00e0 savoir la r\u00e9solution de la crise anglophone. Sur ce front, il semble avoir une certaine libert\u00e9 d\u2019action, et en profite pour donner le ton. Cinq mois apr\u00e8s sa nomination, il entame une s\u00e9rie de descente dans les r\u00e9gions en crise et relance un dialogue politique qui semblait jusque-l\u00e0 bloqu\u00e9.\u00a0L\u2019espoir renait.<\/p>\n<p>En marge du grand dialogue national, Dion Ngute apporte un nouveau vent de d\u00e9crispation politique en recevant des cadres du Mouvement de la renaissance du Cameroun (MRC), prenant \u00e0 contre-pied l\u2019aile dure de Yaound\u00e9 qui souhaitait rel\u00e9guer ce parti au ban de la sph\u00e8re politique. Et malgr\u00e9 l\u2019incarc\u00e9ration de Maurice Kamto et de certains de ses proches, les propositions de sa formation politique ont \u00e9t\u00e9 examin\u00e9es par le cabinet du PM. Les efforts de Dion Ngute sont salu\u00e9s. Ils n\u2019ont certes pas mis un terme \u00e0 la crise, mais l\u2019ensemble des indicateurs montrent une baisse d\u2019Intensit\u00e9 sur le th\u00e9\u00e2tre des op\u00e9rations.<\/p>\n<p><strong>Lire aussi<\/strong> : <strong><a href=\"https:\/\/ecomatin.net\/le-jeu-trouble-de-la-primature-sur-la-fusion-edc-memveele\/\">Le jeu trouble de la Primature sur la fusion EDC-Memve\u2019ele<\/a><\/strong><\/p>\n<p>A l\u2019immeuble Etoile, il est de notori\u00e9t\u00e9 que le chef du gouvernement actuel sait jouer de ses qualit\u00e9s de diplomates. Malgr\u00e9 son flegme caract\u00e9ristique, Dion Ngute est un manager qui \u00e9coute. De fait, l\u2019\u00e9poque o\u00f9 le Premier ministre \u00e9tait souvent cit\u00e9 dans des conflits avec ses collaborateurs ou certains membres du gouvernement semble r\u00e9volue.<\/p>\n<p><strong>A l\u2019ombre du SGPR<\/strong><\/p>\n<p>Ce succ\u00e8s tient-il du fait que Dion Ngute sait o\u00f9 est sa place et s\u2019en y tient ? L\u2019opinion s\u2019inqui\u00e8te de plus en plus de l\u2019influence grandissante du secr\u00e9taire g\u00e9n\u00e9ral de la pr\u00e9sidence de la R\u00e9publique, dont les actions au quotidien semblent surfer sur les plates-bandes du premier ministre. L\u2019on assiste en effet \u00e0 un d\u00e9placement fr\u00e9quent des activit\u00e9s jadis confi\u00e9es aux minist\u00e8res op\u00e9rationnels sous la houlette du PM vers la pr\u00e9sidence de la R\u00e9publique.<\/p>\n<p>Dernier \u00e9v\u00e8nement en date, la lettre adress\u00e9e par le SGPR Ferdinand Ngoh Ngoh au ministre des domaines, du cadastre et des affaires fonci\u00e8res le 12 f\u00e9vrier dernier, enjoignant ce dernier de d\u00e9sormais se saisir \u00ab du tr\u00e8s haut accord formel \u00bb de la pr\u00e9sidence de la R\u00e9publique pour \u00ab toutes vente ou attributions relevant du domaine priv\u00e9 de l\u2019Etat \u00bb, sous peine de nullit\u00e9. Une d\u00e9cision qui d\u00e9poss\u00e8de sur la forme le premier ministre d\u2019Une de ses attributions, celle des \u00ab affectations des terrains domaniaux \u00bb, contenues dans le d\u00e9cret N\u00b092\/089 du 04 MAI 1992 portant attribution du PM.<\/p>\n<p>Dans cette configuration, les dossiers cl\u00e9s de l\u2019action gouvernementale telles que les chantiers de la Coupe d\u2019Afrique des nations, les r\u00e9formes \u00e9conomiques souhait\u00e9es par le patronat, les nominations des directeurs g\u00e9n\u00e9raux des grandes agences de l\u2019\u00c9tat et bien d\u2019autres \u2026 semblent \u00e9chapper au locataire de l\u2019immeuble Etoile pour se retrouver sur la table du secr\u00e9taire g\u00e9n\u00e9ral \u00e0 la pr\u00e9sidence de la R\u00e9publique. Lorsque Joseph Dion Ngute pilote la riposte gouvernementale contre le Covid-19, c\u2019est le SGPR qui commande aux ministres de la Sant\u00e9 et des Sports de s\u2019accorder en vue de la lib\u00e9ration des aires de jeu en vue de l\u2019organisation du CHAN. C\u2019est encore lui \u00e0 la man\u0153uvre lorsqu\u2019Il faut rappeler au Premier ministre de tenir une session du conseil sup\u00e9rieur de la fonction publique afin examiner la question de l\u2019absent\u00e9isme des fonctionnaires.<\/p>\n<p><strong>Lire aussi<\/strong> : <strong><a href=\"https:\/\/ecomatin.net\/can-2019-que-se-passe-t-il-entre-le-francais-alcor-et-ferdinand-ngoh-ngoh\/\">CAN 2019 : que se passe-t\u2019-il entre le fran\u00e7ais Alcor et Ferdinand Ngoh Ngoh ?<\/a><\/strong><\/p>\n<p>\u00ab Le premier ministre ex\u00e9cute ses missions dans le p\u00e9rim\u00e8tre circonscrit par le secr\u00e9taire g\u00e9n\u00e9ral de la pr\u00e9sidence de la R\u00e9publique, avance le professeur Viviane Ondoua Biwole, experte en question de gouvernance et promotrice du cabinet Obiv solutions, dans une tribune. Les attributions du SGPR semblent lui laisser la marge de man\u0153uvre, en fonction de son appr\u00e9ciation de restreindre ou d\u2019\u00e9largir ce p\u00e9rim\u00e8tre. C\u2019est ce qui\u00a0justifie les r\u00e9criminations tendant \u00e0 dire que le PM est d\u00e9poss\u00e9d\u00e9 de certains de ces pouvoirs \u00bb.<\/p>\n<p>De l\u2019avis de certains observateurs, la proximit\u00e9 entre les attributions des deux personnalit\u00e9s est trop grande. \u00ab Le SGPR fondamentalement assure les pr\u00e9sident dans l\u2019accomplissement de sa mission. Celle-ci s\u2019appuie sur sa politique de la nation. Dans le m\u00eame temps, on attend du PM qu\u2019Il conduise les affaires de la R\u00e9publique. Dans tous les cas de figure, les chevauchements sont in\u00e9vitable, et naturellement celui qui vient de l\u2019Institution la plus haute aura tendance \u00e0 prendre le dessus \u00bb, confie un sp\u00e9cialiste des institutions camerounaises. \u00ab Il est difficile, voire d\u00e9conseill\u00e9, dans le cadre de la division des t\u00e2ches de concentrer ces deux fonctions au sein d\u2019une m\u00eame structure en contexte d\u2019environnement turbulent et impr\u00e9visible car en pareille circonstance, la r\u00e9activit\u00e9 peut \u00eatre lente et la prise de d\u00e9cision lourde et inefficace \u00bb, affirme Ondoua Biwole.<\/p>\n<p><strong>Lire aussi<\/strong> : <strong><a href=\"https:\/\/ecomatin.net\/gouvernement-qui-est-joseph-dion-ngute-le-nouveau-premier-ministre\/\">Qui est Joseph Dion Ngute, le nouveau Premier ministre camerounais<\/a><\/strong><\/p>\n<p>Dans son ouvrage, Le secr\u00e9taire g\u00e9n\u00e9ral de la pr\u00e9sidence de la R\u00e9publique au Cameroun. Entre mythes, textes et r\u00e9alit\u00e9s, l\u2019ancien SGPR Jean Marie Atangana Mebara interrogeait d\u00e9j\u00e0 la place du premier ministre dans le dispositif de gouvernance au Cameroun, au point d\u2019avancer une r\u00e9forme syst\u00e9mique afin de favoriser la cohabitation entre le chef de gouvernement et \u00ab l\u2019assistant \u00bb du pr\u00e9sident de la R\u00e9publique. \u00ab On devrait revoir le texte organisant le secr\u00e9tariat g\u00e9n\u00e9ral de la pr\u00e9sidence en vue d\u2019en retirer tout ce qui peut laisser penser ou croire que les ministres et autres membres du gouvernement sont sous l\u2019autorit\u00e9 du d\u00e9tenteur de ce poste \u00bb, \u00e9crivait en 2016 celui qui purge actuellement une peine de 25 ans de prison pour malversations financi\u00e8res , au sein de la maison d\u2019arr\u00eat de Kondengui. \u00ab Il faut redonner au premier ministre chef du gouvernement son r\u00f4le de num\u00e9ro 2 effectif de l\u2019ex\u00e9cutif \u00bb, ajoutait-il.<\/p>\n<p>Alors que les supputations autour d\u2019un \u00e9ventuel prochain gouvernement animent la sph\u00e8re publique, l\u2019am\u00e9nagement de ce m\u00e9nage \u00e0 trois pourrait constituer l\u2019une des actions du pr\u00e9sident de la R\u00e9publique pour renforcer l\u2019efficacit\u00e9 d\u2019une \u00e9quipe attendue sur plusieurs fronts.<\/p>\n<p><strong>PM et SGPR, t\u00e9lescopages permanents\u00a0?<\/strong><\/p>\n<p>Le secr\u00e9taire g\u00e9n\u00e9ral de la pr\u00e9sidence de la R\u00e9publique est au c\u0153ur de tous les dossiers politico-\u00e9conomiques. Cette omnipr\u00e9sente lui donne un leadership qui tend \u00e0 supplanter celui d\u2019Un premier ministre dont le statut est pourtant contenu \u00e0 l\u2019article 10 de la constitution de la r\u00e9publique. Alors que le pays \u0153uvre \u00e0 relancer son \u00e9conomie apr\u00e8s une ann\u00e9e 2020 plomb\u00e9e par le Covid-19, la conflictualit\u00e9 de pr\u00e9rogatives apparente n\u2019est pas de nature \u00e0 rassurer. Une revue de quelques affaires marquantes.\u00a0<\/p>\n<figure class=\"wp-block-table\">\n<table>\n<tbody readability=\"20.5\">\n<tr>\n<td>Dossier<\/td>\n<td>Date<\/td>\n<td>\u00a0<\/td>\n<\/tr>\n<tr readability=\"11\">\n<td>Gestion du domaine priv\u00e9 de l\u2019Etat<\/td>\n<td>12 f\u00e9vrier 2021<\/td>\n<td>Le SGPR\u00a0saisi le ministre des Domaines, du Cadastre et des Affaires fonci\u00e8res (Mindcaf), Henri Eyebe Ayissi, au sujet de la \u00ab\u2009gestion du domaine priv\u00e9 de l\u2019\u00c9tat\u2009\u00bb. La pr\u00e9sidence de la R\u00e9publique du Cameroun va d\u00e9sormais superviser les ventes, locations et cessions relevant du domaine priv\u00e9 jusque-l\u00e0 g\u00e9r\u00e9es directement au niveau du Mindcaf en application du d\u00e9cret d\u2019avril 1976 portant modalit\u00e9 de gestion du domaine priv\u00e9 de l\u2019\u00c9tat.<\/td>\n<\/tr>\n<tr readability=\"9\">\n<td>Nomination des DG, PCA et autres<\/td>\n<td>13 aout 2019<\/td>\n<td>Dans une note ayant en objet: \u00ab mise en conformit\u00e9 des entreprises et \u00e9tablissements publics avec les lois num\u00e9ro 2017\/010 et 2017\/011 du 12 juillet 2017 \u00bb transmise au SGPM, Ferdinand Ngoh Ngoh explique que \u00ab le pouvoir de nomination des organes sociaux desdites structures rel\u00e8ve de la comp\u00e9tence exclusive du pr\u00e9sident de la R\u00e9publique \u00bb. Il prend \u00e0 contrepied le PM qui semblait favorable \u00e0 mettre fin aux mandats de ceux-ci conform\u00e9ment aux dispositions en vigueur relatives \u00e0 la dur\u00e9e de leurs mandats.<\/td>\n<\/tr>\n<tr readability=\"10\">\n<td>R\u00e9duction des missions des fonctionnaires \u00e0 l\u2019\u00e9tranger<\/td>\n<td>1<sup>er<\/sup>\u00a0avril 2020<\/td>\n<td>Dans un courrier, le SG-PR dit constater que : \u00ab plusieurs membres du gouvernement, directeurs g\u00e9n\u00e9raux des soci\u00e9t\u00e9s d\u2019Etat et hauts fonctionnaires sont r\u00e9guli\u00e8rement en mission \u00e0 l\u2019\u00e9tranger\u00a0\u00bb. Des d\u00e9placements qui\u00a0\u00a0compromettent le suivi ad\u00e9quat des dossiers des administrations concern\u00e9s\u00bb. Ferdinand Ngoh Ngoh prescrit au Premier ministre de bien vouloir adopter d\u2019urgence des mesures appropri\u00e9es, destin\u00e9es \u00e0 r\u00e9duire l\u2019essentiel les d\u00e9placements desdites personnalit\u00e9s.<\/td>\n<\/tr>\n<tr readability=\"11\">\n<td>Retrait du dispositif COVID dans les stades pour le CHAN<\/td>\n<td>12 octobre 2020<\/td>\n<td>Ferdinand Ngoh Ngoh le Ministre d\u2019Etat, Secr\u00e9taire g\u00e9n\u00e9ral \u00e0 la Pr\u00e9sidence de la R\u00e9publique a donn\u00e9 24 heures au Dr Malachie Manaouda, pour lib\u00e9rer les stades de Ngoa-Ekelle, Mbappe Leppe et Middle Farm Stadium. Le SGPR ici ne transmet pas une instruction pr\u00e9sidentielle, mais instruit lui-m\u00eame des ministres plac\u00e9s sous l\u2019autorit\u00e9 d\u2019un Premier ministre.<\/td>\n<\/tr>\n<\/tbody>\n<\/table>\n<\/figure>\n<p>Auteur: Franck KUN<br \/>\n<a href=\"https:\/\/ecomatin.net\/action-gouvernementale-interrogations-sur-la-methode-dion-ngute\/\">Cliquez ici pour lire l&rsquo;article depuis sa source.<\/a><\/p>\n","protected":false},"excerpt":{"rendered":"<p>Vendredi 4 octobre 2019. Une centaine de personnalit\u00e9s se faufilent habilement dans les all\u00e9es bond\u00e9es du palais des congr\u00e8s de Yaound\u00e9. Le grand dialogue national vient de s\u2019achever, et chacun veut se faire une place sur la photo de famille qui rentrera dans l\u2019histoire. Au premier rang, on distingue des dignitaires de la R\u00e9publique tels [&hellip;]<\/p>\n","protected":false},"author":1969,"featured_media":0,"comment_status":"closed","ping_status":"closed","sticky":false,"template":"","format":"standard","meta":{"fifu_image_url":"","fifu_image_alt":"","footnotes":""},"categories":[82,78],"tags":[],"class_list":["post-114397","post","type-post","status-publish","format-standard","hentry","category-cameroun","category-economie"],"_links":{"self":[{"href":"https:\/\/linitiative.ca\/International\/wp-json\/wp\/v2\/posts\/114397","targetHints":{"allow":["GET"]}}],"collection":[{"href":"https:\/\/linitiative.ca\/International\/wp-json\/wp\/v2\/posts"}],"about":[{"href":"https:\/\/linitiative.ca\/International\/wp-json\/wp\/v2\/types\/post"}],"author":[{"embeddable":true,"href":"https:\/\/linitiative.ca\/International\/wp-json\/wp\/v2\/users\/1969"}],"replies":[{"embeddable":true,"href":"https:\/\/linitiative.ca\/International\/wp-json\/wp\/v2\/comments?post=114397"}],"version-history":[{"count":0,"href":"https:\/\/linitiative.ca\/International\/wp-json\/wp\/v2\/posts\/114397\/revisions"}],"wp:attachment":[{"href":"https:\/\/linitiative.ca\/International\/wp-json\/wp\/v2\/media?parent=114397"}],"wp:term":[{"taxonomy":"category","embeddable":true,"href":"https:\/\/linitiative.ca\/International\/wp-json\/wp\/v2\/categories?post=114397"},{"taxonomy":"post_tag","embeddable":true,"href":"https:\/\/linitiative.ca\/International\/wp-json\/wp\/v2\/tags?post=114397"}],"curies":[{"name":"wp","href":"https:\/\/api.w.org\/{rel}","templated":true}]}}