{"id":114398,"date":"2021-04-05T12:27:04","date_gmt":"2021-04-05T16:27:04","guid":{"rendered":"https:\/\/linitiative.ca\/International\/la-semry-vise-une-production-annuelle-de-180-000-tonnes-de-riz\/"},"modified":"2021-04-05T12:27:04","modified_gmt":"2021-04-05T16:27:04","slug":"la-semry-vise-une-production-annuelle-de-180-000-tonnes-de-riz","status":"publish","type":"post","link":"https:\/\/linitiative.ca\/International\/la-semry-vise-une-production-annuelle-de-180-000-tonnes-de-riz\/","title":{"rendered":"La Semry vise une production annuelle de 180 000 tonnes de riz"},"content":{"rendered":"<p>Le riz est l\u2019un des aliments de base les plus consomm\u00e9s au Cameroun, mais pour autant, le pays n\u2019en produit pas en quantit\u00e9 suffisante pour s\u2019assurer une s\u00e9curit\u00e9 alimentaire garantie. Il dispose cependant d\u2019une soci\u00e9t\u00e9 de production de cette c\u00e9r\u00e9ale, vieille d\u2019une cinquantaine d\u2019ann\u00e9es, mais dont les performances au fil des ann\u00e9es ne sont gu\u00e8re reluisantes pour la stabilit\u00e9 de la balance commerciale. La Soci\u00e9t\u00e9 d\u2019expansion et de modernisation de la riziculture de Yagoua (Semry), cr\u00e9\u00e9e en 1971, bat de l\u2019aile et ne parvient toujours pas \u00e0 satisfaire la demande de consommation nationale qui se chiffre annuellement \u00e0 pr\u00e8s de 700 000 tonnes.<\/p>\n<p><strong>Lire aussi<\/strong> : <strong><a href=\"https:\/\/ecomatin.net\/la-semry-recoit-12-milliard-pour-dynamiser-le-secteur-rizicole\/\">La Semry re\u00e7oit 1,2 milliard pour dynamiser le secteur rizicole<\/a><\/strong><\/p>\n<p>Au cours de la derni\u00e8re campagne agricole, l\u2019entreprise n\u2019en a produit que 60 000 tonnes, ce qui ne repr\u00e9sente m\u00eame pas la moiti\u00e9 de l\u2019ensemble de la production nationale \u00e9valu\u00e9e \u00e0 140 170 tonnes en 2020, selon les statistiques du Minist\u00e8re de l\u2019Agriculture et du D\u00e9veloppement Rural (Minader). La demande annuelle est \u00e9valu\u00e9e \u00e0 presque 600 000 tonnes en 2020, et il existe un diff\u00e9rentiel de 436 000 tonnes que le Cameroun se trouve contraint d\u2019importer pour pallier son d\u00e9ficit de production.<\/p>\n<p>Pour tenter de r\u00e9duire ces importations, la Semry envisage d\u00e9sormais de tripler sa production et de la porter \u00e0 180 000 tonnes par an, gr\u00e2ce \u00e0 l\u2019exploitation de ses 24 000 hectares de surface cultivable. Elle se l\u2019est fix\u00e9 comme objectif au sortir de son conseil d\u2019administration tenu le mois dernier \u00e0 Garoua, la capitale r\u00e9gionale du Nord. La structure dirig\u00e9e par Fissou Kouma entend relever ce d\u00e9fi \u00e0 travers au projet de valorisation des investissements dans la vall\u00e9e du Logone (Viva Logone), auquel il vient de souscrire. \u00ab A l\u2019issue de ce projet, des \u00e9tudes ont \u00e9t\u00e9 men\u00e9es pour augmenter l\u2019intensification culturale, c\u2019est-\u00e0-dire, au lieu de faire une culture par an sur la m\u00eame parcelle, il sera d\u00e9sormais question de faire deux productions par an sur la m\u00eame parcelle. On partirait de 60 000 tonnes de paddy produits actuellement, \u00e0 180 000 tonnes \u00bb, a indiqu\u00e9 le Directeur g\u00e9n\u00e9ral de la Semry chez nos confr\u00e8res de \u00ab Nord Actu \u00bb.<\/p>\n<p><strong>D\u00e9ficit de 35 milliards de F<\/strong><\/p>\n<p>Ce nouveau projet va en effet contribuer \u00e0 la relance des activit\u00e9s de la Semry. Le conseil d\u2019administration a compt\u00e9 les probl\u00e8mes structurels parmi les goulots d\u2019\u00e9tranglement qui emp\u00eachent \u00e0 l\u2019entreprise de r\u00e9aliser de bonnes performances, et s\u2019est engag\u00e9 \u00e0 la restructurer. \u00ab La Semry a \u00e9t\u00e9 cr\u00e9\u00e9e en 1971. Et rendus \u00e0 cette date, les r\u00e9sultats escompt\u00e9s ne sont pas au rendez-vous. Nous sommes en face d\u2019une soci\u00e9t\u00e9 qui accuse une perte cumul\u00e9e de l\u2019ordre de 35 milliards de FCFA. Nous avons un personnel vieillissant, nous avons plus de 120 gardiens de nuit sur une population d\u2019environ 300 personnes. Nous avons des chauffeurs qui se retournent les pouces parce que les engins sont v\u00e9tustes. Tout ceci engage des d\u00e9penses \u00e9normes \u00bb, a pr\u00e9sent\u00e9 le pr\u00e9sident du conseil d\u2019administration Midjiyawa Bakary, par ailleurs gouverneur de la r\u00e9gion de l\u2019Extr\u00eame-Nord, au sortir de la rencontre du mois dernier. En clair, la relance des activit\u00e9s de la Semry passe obligatoirement par un certain nombre de r\u00e9formes, y compris celles du personnel.<\/p>\n<p><strong>Lire aussi<\/strong> : <strong><a href=\"https:\/\/ecomatin.net\/denrees-alimentaires-disparites-entre-les-prix-homologues-et-les-pratiques\/\">Denr\u00e9es alimentaires : disparit\u00e9s entre les prix homologu\u00e9s et les pratiqu\u00e9s<\/a><\/strong><\/p>\n<p>Auteur: Yannick KENNE<br \/>\n<a href=\"https:\/\/ecomatin.net\/la-semry-vise-une-production-annuellle-de-180-000-tonnes-de-riz\/\">Cliquez ici pour lire l&rsquo;article depuis sa source.<\/a><\/p>\n","protected":false},"excerpt":{"rendered":"<p>Le riz est l\u2019un des aliments de base les plus consomm\u00e9s au Cameroun, mais pour autant, le pays n\u2019en produit pas en quantit\u00e9 suffisante pour s\u2019assurer une s\u00e9curit\u00e9 alimentaire garantie. Il dispose cependant d\u2019une soci\u00e9t\u00e9 de production de cette c\u00e9r\u00e9ale, vieille d\u2019une cinquantaine d\u2019ann\u00e9es, mais dont les performances au fil des ann\u00e9es ne sont gu\u00e8re [&hellip;]<\/p>\n","protected":false},"author":1969,"featured_media":0,"comment_status":"closed","ping_status":"closed","sticky":false,"template":"","format":"standard","meta":{"fifu_image_url":"","fifu_image_alt":"","footnotes":""},"categories":[82,78],"tags":[],"class_list":["post-114398","post","type-post","status-publish","format-standard","hentry","category-cameroun","category-economie"],"_links":{"self":[{"href":"https:\/\/linitiative.ca\/International\/wp-json\/wp\/v2\/posts\/114398","targetHints":{"allow":["GET"]}}],"collection":[{"href":"https:\/\/linitiative.ca\/International\/wp-json\/wp\/v2\/posts"}],"about":[{"href":"https:\/\/linitiative.ca\/International\/wp-json\/wp\/v2\/types\/post"}],"author":[{"embeddable":true,"href":"https:\/\/linitiative.ca\/International\/wp-json\/wp\/v2\/users\/1969"}],"replies":[{"embeddable":true,"href":"https:\/\/linitiative.ca\/International\/wp-json\/wp\/v2\/comments?post=114398"}],"version-history":[{"count":0,"href":"https:\/\/linitiative.ca\/International\/wp-json\/wp\/v2\/posts\/114398\/revisions"}],"wp:attachment":[{"href":"https:\/\/linitiative.ca\/International\/wp-json\/wp\/v2\/media?parent=114398"}],"wp:term":[{"taxonomy":"category","embeddable":true,"href":"https:\/\/linitiative.ca\/International\/wp-json\/wp\/v2\/categories?post=114398"},{"taxonomy":"post_tag","embeddable":true,"href":"https:\/\/linitiative.ca\/International\/wp-json\/wp\/v2\/tags?post=114398"}],"curies":[{"name":"wp","href":"https:\/\/api.w.org\/{rel}","templated":true}]}}