{"id":114399,"date":"2021-04-05T12:59:00","date_gmt":"2021-04-05T16:59:00","guid":{"rendered":"https:\/\/linitiative.ca\/International\/la-sodecoton-adopte-un-plan-de-developpement-durable\/"},"modified":"2021-04-05T12:59:00","modified_gmt":"2021-04-05T16:59:00","slug":"la-sodecoton-adopte-un-plan-de-developpement-durable","status":"publish","type":"post","link":"https:\/\/linitiative.ca\/International\/la-sodecoton-adopte-un-plan-de-developpement-durable\/","title":{"rendered":"La Sodecoton adopte un plan de d\u00e9veloppement durable"},"content":{"rendered":"<p>La Soci\u00e9t\u00e9 de d\u00e9veloppement du coton du Cameroun (Sodecoton), en marche vers ses objectifs quinquennaux. En 2017, la Sodecoton s\u2019est arrim\u00e9e \u00e0 un plan de redressement sur une dur\u00e9e de cinq ans, focalis\u00e9 non seulement sur l\u2019assainissement de la gestion courante de la soci\u00e9t\u00e9 et le renforcement de sa comp\u00e9titivit\u00e9 sur le march\u00e9 international, mais \u00e9galement, sur l\u2019impl\u00e9mentation d\u2019un plan d\u2019action comprenant trois volets pour un d\u00e9veloppement durable de l\u2019entreprise. L\u2019un des volets de ce programme quinquennal est le d\u00e9veloppement de sa fourniture en \u00e9nergie. Pour ce faire la Sodecoton entend d\u00e9velopper son acquis en \u00e9nergie solaire. Grosse consommatrice d\u2019\u00e9lectricit\u00e9, l\u2019entreprise a fait le choix de recourir aux \u00e9nergies renouvelables, notamment \u00e0 l\u2019\u00e9nergie solaire photovolta\u00efque. \u00ab Ceci pour palier au d\u00e9ficit r\u00e9current du r\u00e9seau du r\u00e9seau national de distribution et au cout de production \u00e9lev\u00e9 de l\u2019\u00e9nergie thermique\u00bb, renseigne le communiqu\u00e9 de l\u2019entreprise.<\/p>\n<p><strong>Lire aussi<\/strong> : <strong><a href=\"https:\/\/ecomatin.net\/sodecoton-une-huilerie-de-25-milliards-en-gestation-a-ngaoundere\/\">Sodecoton : une huilerie de 25 milliards en gestation \u00e0 Ngaound\u00e9r\u00e9<\/a><\/strong><\/p>\n<p>A cet effet, afin de faire fonctionner ses usines d\u2019\u00e9grenage et d\u2019huilerie, la soci\u00e9t\u00e9 cotonni\u00e8re, pr\u00e9voit l\u2019installation des centrales solaires photovolta\u00efques sur 05 sites industriels, pour une capacit\u00e9 globale de 11,5MW. Le tout pour un investissement total de 5 milliards de F. pour ce qui est du deuxi\u00e8me volet du plan d\u2019action, il est ax\u00e9 sur la promotion d\u2019une agriculture r\u00e9siliente. Celui-ci repose sur l\u2019appui \u00e0 l\u2019am\u00e9lioration de la productivit\u00e9 de la culture de coton graine et la promotion d\u2019une agriculture intelligente face au climat. A travers une \u00ab diversification des cultures (soja, anacarde etc); une r\u00e9habilitation des terres d\u00e9grad\u00e9es, une impulsion de l\u2019agroecologie, un d\u00e9veloppement de la m\u00e9canisation et de la motorisation agricole entre autres\u00bb pr\u00e9voit l\u2019entreprise cotonni\u00e8re.<\/p>\n<p><strong>Lire aussi<\/strong> : <strong><a href=\"https:\/\/ecomatin.net\/letat-investit-10-milliards-pour-la-construction-dune-usine-de-transformation-de-la-sodecoton\/\">L\u2019Etat investit 10 milliards pour la construction d\u2019une usine de transformation de la Sodecoton<\/a><\/strong><\/p>\n<p>Il est \u00e9galement pr\u00e9vu au rang des strat\u00e9gies, un renforcement des capacit\u00e9s industrielles. Il est ici question, de la modernisation des installations existantes et des investissements en vue de faire passer la capacit\u00e9 de production de coton graine de 320 000 tonnes par an actuellement \u00e0 un chiffre compris entre 400 000 et 450 000 tonnes par an \u00e0 horizon 2025. \u00ab Par ailleurs, la cr\u00e9ation d\u2019un laboratoire de classement instrumental de la fibre, permettra d\u2019optimiser la valorisation de la fibre de coton camerounaise sur le march\u00e9 international \u00bb fait savoir la Sodecoton.<\/p>\n<p>Il faut noter que la fermeture des filatures asiatiques en raison du covid-19, principal client de la Sodecoton, a durement touch\u00e9 la fili\u00e8re en 2020. En plus de la baisse des prix de la fibre, les exportations se sont ralenties. Entrainant ainsi, une augmentation des volumes stock\u00e9s et une d\u00e9t\u00e9rioration de la qualit\u00e9 du produit. Le coton vendu est rest\u00e9 \u00e0 quai, provoquant dans la m\u00eame foul\u00e9e, un retard d\u2019encaissements chiffr\u00e9 \u00e0 plus de 80 milliards de F. Pour l\u2019ann\u00e9e 2021, les exp\u00e9ditions ont tout de m\u00eame repris, sans fois atteindre le niveau ant\u00e9rieur \u00e0 la crise.<\/p>\n<p><strong>Lire aussi<\/strong> : <strong><a href=\"https:\/\/ecomatin.net\/campagne-cotonniere-2019-2020-140-milliards-de-chiffre-daffaires-pour-la-sodecoton\/\">Campagne cotonni\u00e8re 2019\/2020 : 140 milliards de chiffre d\u2019affaires pour la Sodecoton<\/a><\/strong><\/p>\n<p>Auteur: Amina MALLOUM<br \/>\n<a href=\"https:\/\/ecomatin.net\/la-sodecoton-adopte-un-plan-de-developpemennt-durable\/\">Cliquez ici pour lire l&rsquo;article depuis sa source.<\/a><\/p>\n","protected":false},"excerpt":{"rendered":"<p>La Soci\u00e9t\u00e9 de d\u00e9veloppement du coton du Cameroun (Sodecoton), en marche vers ses objectifs quinquennaux. En 2017, la Sodecoton s\u2019est arrim\u00e9e \u00e0 un plan de redressement sur une dur\u00e9e de cinq ans, focalis\u00e9 non seulement sur l\u2019assainissement de la gestion courante de la soci\u00e9t\u00e9 et le renforcement de sa comp\u00e9titivit\u00e9 sur le march\u00e9 international, mais [&hellip;]<\/p>\n","protected":false},"author":1969,"featured_media":0,"comment_status":"closed","ping_status":"closed","sticky":false,"template":"","format":"standard","meta":{"fifu_image_url":"","fifu_image_alt":"","footnotes":""},"categories":[82,78],"tags":[],"class_list":["post-114399","post","type-post","status-publish","format-standard","hentry","category-cameroun","category-economie"],"_links":{"self":[{"href":"https:\/\/linitiative.ca\/International\/wp-json\/wp\/v2\/posts\/114399","targetHints":{"allow":["GET"]}}],"collection":[{"href":"https:\/\/linitiative.ca\/International\/wp-json\/wp\/v2\/posts"}],"about":[{"href":"https:\/\/linitiative.ca\/International\/wp-json\/wp\/v2\/types\/post"}],"author":[{"embeddable":true,"href":"https:\/\/linitiative.ca\/International\/wp-json\/wp\/v2\/users\/1969"}],"replies":[{"embeddable":true,"href":"https:\/\/linitiative.ca\/International\/wp-json\/wp\/v2\/comments?post=114399"}],"version-history":[{"count":0,"href":"https:\/\/linitiative.ca\/International\/wp-json\/wp\/v2\/posts\/114399\/revisions"}],"wp:attachment":[{"href":"https:\/\/linitiative.ca\/International\/wp-json\/wp\/v2\/media?parent=114399"}],"wp:term":[{"taxonomy":"category","embeddable":true,"href":"https:\/\/linitiative.ca\/International\/wp-json\/wp\/v2\/categories?post=114399"},{"taxonomy":"post_tag","embeddable":true,"href":"https:\/\/linitiative.ca\/International\/wp-json\/wp\/v2\/tags?post=114399"}],"curies":[{"name":"wp","href":"https:\/\/api.w.org\/{rel}","templated":true}]}}