{"id":114401,"date":"2021-04-06T09:00:38","date_gmt":"2021-04-06T13:00:38","guid":{"rendered":"https:\/\/linitiative.ca\/International\/formation-continue-wafa-assurance-sollicite-lessec-pour-accompagner-ses-equipes\/"},"modified":"2021-04-06T09:00:38","modified_gmt":"2021-04-06T13:00:38","slug":"formation-continue-wafa-assurance-sollicite-lessec-pour-accompagner-ses-equipes","status":"publish","type":"post","link":"https:\/\/linitiative.ca\/International\/formation-continue-wafa-assurance-sollicite-lessec-pour-accompagner-ses-equipes\/","title":{"rendered":"Formation continue : Wafa Assurance sollicite l\u2019ESSEC pour accompagner ses \u00e9quipes"},"content":{"rendered":"<figure class=\"post-thumbnail\" itemprop=\"associatedMedia\" itemscope=\"itemscope\" itemtype=\"http:\/\/schema.org\/ImageObject\"><img decoding=\"async\" class=\"post_layout_5_img\" src=\"http:\/\/aujourdhui.ma\/wp-content\/uploads\/2021\/04\/Wafa-assurance.jpg\" alt=\"Formation continue : Wafa Assurance sollicite l\u2019ESSEC pour accompagner ses \u00e9quipes\"\/><\/figure>\n<p><span class=\"c5\"><strong>Wafa Assurance et l\u2019ESSEC Business School viennent de lancer Wafa Lead Program pour former 150 cadres du Groupe Wafa Assurance. Les agents g\u00e9n\u00e9raux et leurs collaborateurs devant \u00e9galement b\u00e9n\u00e9ficier de ce partenariat. Les d\u00e9tails.<\/strong><\/span><span id=\"more-373021\"\/><\/p>\n<p>C\u2019est le 26 mars dernier que Wafa Assurance et ESSEC Business School \u2013 Africa ont sign\u00e9 un accord de partenariat pour lancer un programme de formation. Au c\u0153ur du contenu p\u00e9dagogique, le d\u00e9veloppement des comp\u00e9tences manag\u00e9riales et celui du leadership. Il a \u00e9t\u00e9 convenu, \u00e0 l\u2019issue de cette convention, la formation de 30 cadres et cadres dirigeants du Groupe Wafa Assurance par an. Le top management table sur la formation de 150 collaborateurs, \u00e9voluant dans la maison m\u00e8re et les diff\u00e9rentes filiales francophones et anglophones. La dur\u00e9e du partenariat a \u00e9t\u00e9 fix\u00e9e \u00e0 5 ans. Concr\u00e8tement, l\u2019ESSEC Business School devra r\u00e9aliser une prestation bas\u00e9e sur une ing\u00e9nierie p\u00e9dagogique adapt\u00e9e aux objectifs.<\/p>\n<p>La formation se d\u00e9clinera en s\u00e9minaires, conf\u00e9rences, cours, travaux dirig\u00e9s et soutenances. Il est clair que le contenu p\u00e9dagogique sera effectu\u00e9 en collaboration \u00e9troite avec le p\u00f4le Capital Humain de Wafa Assurance. Wafa Lead Program comprendra ainsi deux parcours de formation certifiants, \u00e0 savoir Wafa Emerging Leaders pour les cadres et jeunes leaders et Wafa Advanced Management pour les seniors managers et cadres dirigeants. Les s\u00e9minaires propos\u00e9s aux participants auront trait au capital humain et les enjeux des organisations modernes pour une communaut\u00e9 de managers et de leaders \u00e0 la fois inclusive et performante. Le d\u00e9marrage des deux programmes est pr\u00e9vu au cours de ce mois d\u2019avril. Et c\u2019est de cette mani\u00e8re que Wafa Assurance compte faire b\u00e9n\u00e9ficier de ce partenariat ses agents g\u00e9n\u00e9raux et leurs collaborateurs, en \u00e9laborant des parcours de formation certifiants adapt\u00e9s \u00e0 leurs besoins en tant qu\u2019entrepreneurs et ambassadeurs de Wafa Assurance. Pour rappel l\u2019ESSEC est l\u2019une des plus grandes Business School en Europe et dans le monde.<\/p>\n<p>Son antenne d\u2019Afrique a \u00e9t\u00e9 cr\u00e9\u00e9e au Maroc. Inaugur\u00e9e en avril 2017, l\u2019\u00e9tablissement dispose \u00e0 Rabat d\u2019un campus moderne et ultra connect\u00e9 proposant un cadre d\u2019apprentissage et d\u2019innovation aux \u00e9tudiants et professionnels. \u00abNotre pr\u00e9sence au Maroc marque notre engagement vers l\u2019Afrique. Nous proposons aux apprenants et partenaires une v\u00e9ritable ouverture vers le continent \u00e0 travers des parcours acad\u00e9miques ax\u00e9s sur des probl\u00e9matiques africaines, et d\u2019alliances avec des organisations de renom. Cr\u00e9er le lien, favoriser un d\u00e9veloppement responsable et intelligent \u00e0 travers de la formation et la collaboration, telle est notre ambition\u00bb, d\u00e9clare Hugues Levecq, Deputy Dean de l\u2019ESSEC Afrique et directeur de l\u2019ESSEC Global BBA. Selon lui, \u00able programme Wafa Lead Program allie l\u2019acad\u00e9mique, la pratique et l\u2019accompagnement personnalis\u00e9 ; ce qui engagera les managers vers un leadership responsable et bienveillant\u00bb.<\/p>\n<p>L\u2019ESSEC devra contribuer \u00e0 renforcer l\u2019identit\u00e9 manag\u00e9riale au sein du Groupe Wafa Assurance. Cette nouvelle mani\u00e8re de faire devra doter les participants du savoir-faire et du savoir \u00eatre n\u00e9cessaire aussi pour une adaptation sur le march\u00e9 international.<\/p>\n<p>Auteur: Dounia Essabban<br \/>\n<a href=\"https:\/\/aujourdhui.ma\/emploi\/formation\/formation-continue-wafa-assurance-sollicite-lessec-pour-accompagner-ses-equipes\">Cliquez ici pour lire l&rsquo;article depuis sa source.<\/a><\/p>\n","protected":false},"excerpt":{"rendered":"<p>Wafa Assurance et l\u2019ESSEC Business School viennent de lancer Wafa Lead Program pour former 150 cadres du Groupe Wafa Assurance. Les agents g\u00e9n\u00e9raux et leurs collaborateurs devant \u00e9galement b\u00e9n\u00e9ficier de ce partenariat. Les d\u00e9tails. C\u2019est le 26 mars dernier que Wafa Assurance et ESSEC Business School \u2013 Africa ont sign\u00e9 un accord de partenariat pour [&hellip;]<\/p>\n","protected":false},"author":1759,"featured_media":0,"comment_status":"closed","ping_status":"closed","sticky":false,"template":"","format":"standard","meta":{"fifu_image_url":"http:\/\/aujourdhui.ma\/wp-content\/uploads\/2021\/04\/Wafa-assurance.jpg","fifu_image_alt":"Formation continue : Wafa Assurance sollicite l\u2019ESSEC pour accompagner ses \u00e9quipes","footnotes":""},"categories":[73,54],"tags":[],"class_list":["post-114401","post","type-post","status-publish","format-standard","hentry","category-actualite","category-maroc"],"_links":{"self":[{"href":"https:\/\/linitiative.ca\/International\/wp-json\/wp\/v2\/posts\/114401","targetHints":{"allow":["GET"]}}],"collection":[{"href":"https:\/\/linitiative.ca\/International\/wp-json\/wp\/v2\/posts"}],"about":[{"href":"https:\/\/linitiative.ca\/International\/wp-json\/wp\/v2\/types\/post"}],"author":[{"embeddable":true,"href":"https:\/\/linitiative.ca\/International\/wp-json\/wp\/v2\/users\/1759"}],"replies":[{"embeddable":true,"href":"https:\/\/linitiative.ca\/International\/wp-json\/wp\/v2\/comments?post=114401"}],"version-history":[{"count":0,"href":"https:\/\/linitiative.ca\/International\/wp-json\/wp\/v2\/posts\/114401\/revisions"}],"wp:attachment":[{"href":"https:\/\/linitiative.ca\/International\/wp-json\/wp\/v2\/media?parent=114401"}],"wp:term":[{"taxonomy":"category","embeddable":true,"href":"https:\/\/linitiative.ca\/International\/wp-json\/wp\/v2\/categories?post=114401"},{"taxonomy":"post_tag","embeddable":true,"href":"https:\/\/linitiative.ca\/International\/wp-json\/wp\/v2\/tags?post=114401"}],"curies":[{"name":"wp","href":"https:\/\/api.w.org\/{rel}","templated":true}]}}