{"id":114403,"date":"2021-04-06T10:00:21","date_gmt":"2021-04-06T14:00:21","guid":{"rendered":"https:\/\/linitiative.ca\/International\/13eme-edition-des-jobdays-a-lesca-ecole-de-management\/"},"modified":"2021-04-06T10:00:21","modified_gmt":"2021-04-06T14:00:21","slug":"13eme-edition-des-jobdays-a-lesca-ecole-de-management","status":"publish","type":"post","link":"https:\/\/linitiative.ca\/International\/13eme-edition-des-jobdays-a-lesca-ecole-de-management\/","title":{"rendered":"13\u00e8me \u00e9dition des JobDays \u00e0 l\u2019ESCA Ecole de Management"},"content":{"rendered":"<header>\n<\/header>\n<div class=\"entry-content clearfix\" readability=\"50\">\n<figure class=\"post-thumbnail\" itemprop=\"associatedMedia\" itemscope=\"itemscope\" itemtype=\"http:\/\/schema.org\/ImageObject\"><img decoding=\"async\" class=\"post_layout_5_img\" src=\"http:\/\/aujourdhui.ma\/wp-content\/uploads\/2021\/04\/ESCA.jpg\" alt=\"13\u00e8me \u00e9dition des JobDays \u00e0 l\u2019ESCA Ecole de Management\"\/><\/figure>\n<p><span class=\"c5\"><strong>La 13\u00e8me \u00e9dition des Jobdays de l\u2019ESCA Ecole de Management a \u00e9t\u00e9 organis\u00e9e virtuellement, les 25 et 26 mars derniers, compte tenu de la pand\u00e9mie due \u00e0 la Covid-19.<\/strong><\/span> <span id=\"more-373032\"\/><\/p>\n<p>Une trentaine d\u2019entreprises de premier ordre a r\u00e9pondu pr\u00e9sente \u00e0 l\u2019\u00e9v\u00e9nement. Repr\u00e9sentant l\u2019ensemble des secteurs d\u2019activit\u00e9, ces soci\u00e9t\u00e9s ont pu \u00eatre mises en interaction avec plus de 300 \u00e9tudiants, participants et Alumnis. Et c\u2019est la th\u00e9matique du digital qui a \u00e9t\u00e9 choisie comme axe principal de recrutement. Durant les deux journ\u00e9es, l\u2019\u00e9change a port\u00e9 sur la question : \u00ab\u00e0 l\u2019\u00e8re du digital, quels m\u00e9tiers et quelles comp\u00e9tences pour demain?\u00bb entre les diff\u00e9rentes parties. L\u2019accent a \u00e9t\u00e9 mis sur le d\u00e9veloppement de carri\u00e8re et la simulation d\u2019entretien virtuel, pour pr\u00e9parer les candidats aux entrevues. Pour rappel, ESCA est la premi\u00e8re \u00e9cole accr\u00e9dit\u00e9e AACSB au Maroc et en Afrique francophone.<\/p>\n<p>Elle est class\u00e9e 1\u00e8re au Maroc et 3\u00e8me en Afrique par le classement international des Business Schools Eduniversal 2020 et a aussi \u00e9t\u00e9 la seule \u00e9cole dans la r\u00e9gion \u00e0 d\u00e9crocher \u00ab4 palmes d\u2019excellence\u00bb du m\u00eame organisme.<\/p>\n<\/div>\n<p>Auteur: Dounia Essabban<br \/>\n<a href=\"https:\/\/aujourdhui.ma\/emploi\/formation\/13eme-edition-des-jobdays-a-lesca-ecole-de-management\">Cliquez ici pour lire l&rsquo;article depuis sa source.<\/a><\/p>\n","protected":false},"excerpt":{"rendered":"<p>La 13\u00e8me \u00e9dition des Jobdays de l\u2019ESCA Ecole de Management a \u00e9t\u00e9 organis\u00e9e virtuellement, les 25 et 26 mars derniers, compte tenu de la pand\u00e9mie due \u00e0 la Covid-19. Une trentaine d\u2019entreprises de premier ordre a r\u00e9pondu pr\u00e9sente \u00e0 l\u2019\u00e9v\u00e9nement. Repr\u00e9sentant l\u2019ensemble des secteurs d\u2019activit\u00e9, ces soci\u00e9t\u00e9s ont pu \u00eatre mises en interaction avec plus [&hellip;]<\/p>\n","protected":false},"author":1759,"featured_media":0,"comment_status":"closed","ping_status":"closed","sticky":false,"template":"","format":"standard","meta":{"fifu_image_url":"http:\/\/aujourdhui.ma\/wp-content\/uploads\/2021\/04\/ESCA.jpg","fifu_image_alt":"13\u00e8me \u00e9dition des JobDays \u00e0 l\u2019ESCA Ecole de Management","footnotes":""},"categories":[73,54],"tags":[],"class_list":["post-114403","post","type-post","status-publish","format-standard","hentry","category-actualite","category-maroc"],"_links":{"self":[{"href":"https:\/\/linitiative.ca\/International\/wp-json\/wp\/v2\/posts\/114403","targetHints":{"allow":["GET"]}}],"collection":[{"href":"https:\/\/linitiative.ca\/International\/wp-json\/wp\/v2\/posts"}],"about":[{"href":"https:\/\/linitiative.ca\/International\/wp-json\/wp\/v2\/types\/post"}],"author":[{"embeddable":true,"href":"https:\/\/linitiative.ca\/International\/wp-json\/wp\/v2\/users\/1759"}],"replies":[{"embeddable":true,"href":"https:\/\/linitiative.ca\/International\/wp-json\/wp\/v2\/comments?post=114403"}],"version-history":[{"count":0,"href":"https:\/\/linitiative.ca\/International\/wp-json\/wp\/v2\/posts\/114403\/revisions"}],"wp:attachment":[{"href":"https:\/\/linitiative.ca\/International\/wp-json\/wp\/v2\/media?parent=114403"}],"wp:term":[{"taxonomy":"category","embeddable":true,"href":"https:\/\/linitiative.ca\/International\/wp-json\/wp\/v2\/categories?post=114403"},{"taxonomy":"post_tag","embeddable":true,"href":"https:\/\/linitiative.ca\/International\/wp-json\/wp\/v2\/tags?post=114403"}],"curies":[{"name":"wp","href":"https:\/\/api.w.org\/{rel}","templated":true}]}}