{"id":114404,"date":"2021-04-06T11:00:18","date_gmt":"2021-04-06T15:00:18","guid":{"rendered":"https:\/\/linitiative.ca\/International\/entrepreneuriat-etudiant-rencontre-internationale-de-bilan-et-de-capitalisation-du-projet-saleem\/"},"modified":"2021-04-06T11:00:18","modified_gmt":"2021-04-06T15:00:18","slug":"entrepreneuriat-etudiant-rencontre-internationale-de-bilan-et-de-capitalisation-du-projet-saleem","status":"publish","type":"post","link":"https:\/\/linitiative.ca\/International\/entrepreneuriat-etudiant-rencontre-internationale-de-bilan-et-de-capitalisation-du-projet-saleem\/","title":{"rendered":"Entrepreneuriat \u00e9tudiant  : Rencontre internationale de bilan  et de capitalisation du projet Saleem"},"content":{"rendered":"<figure class=\"post-thumbnail\" itemprop=\"associatedMedia\" itemscope=\"itemscope\" itemtype=\"http:\/\/schema.org\/ImageObject\"><img decoding=\"async\" class=\"post_layout_5_img\" src=\"http:\/\/aujourdhui.ma\/wp-content\/uploads\/2020\/04\/Etudiant-enseignement-sup\u00e9rieur.jpg\" alt=\"Entrepreneuriat \u00e9tudiant : Rencontre internationale de bilan et de capitalisation du projet Saleem\"\/><\/figure>\n<p><span class=\"c5\"><strong>L\u2019Agence universitaire de la francophonie (AUF) vient d\u2019organiser, du 30 mars au 2 avril 2021, la \u00abRencontre internationale de cl\u00f4ture du projet Saleem-structuration et accompagnement de l\u2019entrepreneuriat \u00e9tudiant au Maghreb\u00bb Le projet Saleem, coordonn\u00e9 par l\u2019AUF, cofinanc\u00e9 par l\u2019Union europ\u00e9enne et lanc\u00e9 en 2017 est dot\u00e9 d\u2019une enveloppe budg\u00e9taire de 750.000 euros.<\/strong><\/span><\/p>\n<p>Son terme a \u00e9t\u00e9 arr\u00eat\u00e9 \u00e0 octobre 2021. Ayant pour but de favoriser l\u2019entrepreneuriat \u00e9tudiant, ce projet a abouti \u00e0 la cr\u00e9ation du statut national de l\u2019\u00e9tudiant entrepreneur au Maroc en 2018 et en Tunisie en 2019. 1224 \u00e9tudiants-entrepreneurs, dont 870 \u00e9tudiantes, ont \u00e9t\u00e9 ainsi accompagn\u00e9s durant les ann\u00e9es universitaires 2018-2019 et 2019-2020. A travers cette rencontre, l\u2019AUF vise \u00e0 pr\u00e9senter le bilan de ce projet-pilote apr\u00e8s 4 ans de mise en \u0153uvre et dresser des perspectives de duplication vers d\u2019autres pays.<\/p>\n<p>Le transfert reposant sur la mise en place, au sein des syst\u00e8mes d\u2019enseignement sup\u00e9rieur, d\u2019un statut national d\u2019\u00e9tudiant-entrepreneur et\/ou de p\u00f4les d\u2019accompagnement selon les contextes. L\u2019Alg\u00e9rie, le B\u00e9nin, le Burkina Faso, le Cameroun, le Congo-Brazzaville, Cuba, le Gabon, Ha\u00efti, la R\u00e9publique de l\u2019\u00eele Maurice, la Mauritanie, le S\u00e9n\u00e9gal, le Tchad et le Togo sont autant de pays qui pourraient \u00eatre int\u00e9ress\u00e9s par un tel programme. Concr\u00e8tement, Saleem rassemble un consortium de 14 partenaires du Maroc, de la Tunisie, de la Belgique, de la France et de la Roumanie (minist\u00e8res, agences d\u2019emploi et universit\u00e9s) et s\u2019inspire des meilleures pratiques d\u00e9velopp\u00e9es en France, notamment le dispositif PEPITE-France port\u00e9 par le minist\u00e8re fran\u00e7ais de l\u2019enseignement sup\u00e9rieur, de la recherche et de l\u2019innovation (MESRI).<\/p>\n<p>Il confirme l\u2019engagement de l\u2019AUF \u00e0 favoriser via diff\u00e9rents projets d\u2019envergure internationale, l\u2019enseignement et la promotion de la culture entrepreneuriale au sein de ses universit\u00e9s membres. Ceci pour contribuer \u00e0 une meilleure insertion professionnelle des jeunes dipl\u00f4m\u00e9s francophones.<\/p>\n<p>Auteur: Dounia Essabban<br \/>\n<a href=\"https:\/\/aujourdhui.ma\/emploi\/entrepreneuriat-etudiant-rencontre-internationale-de-bilan-et-de-capitalisation-du-projet-saleem\">Cliquez ici pour lire l&rsquo;article depuis sa source.<\/a><\/p>\n","protected":false},"excerpt":{"rendered":"<p>L\u2019Agence universitaire de la francophonie (AUF) vient d\u2019organiser, du 30 mars au 2 avril 2021, la \u00abRencontre internationale de cl\u00f4ture du projet Saleem-structuration et accompagnement de l\u2019entrepreneuriat \u00e9tudiant au Maghreb\u00bb Le projet Saleem, coordonn\u00e9 par l\u2019AUF, cofinanc\u00e9 par l\u2019Union europ\u00e9enne et lanc\u00e9 en 2017 est dot\u00e9 d\u2019une enveloppe budg\u00e9taire de 750.000 euros. Son terme a [&hellip;]<\/p>\n","protected":false},"author":1759,"featured_media":0,"comment_status":"closed","ping_status":"closed","sticky":false,"template":"","format":"standard","meta":{"fifu_image_url":"http:\/\/aujourdhui.ma\/wp-content\/uploads\/2020\/04\/Etudiant-enseignement-sup\u00e9rieur.jpg","fifu_image_alt":"Entrepreneuriat \u00e9tudiant  : Rencontre internationale de bilan  et de capitalisation du projet Saleem","footnotes":""},"categories":[73,54],"tags":[],"class_list":["post-114404","post","type-post","status-publish","format-standard","hentry","category-actualite","category-maroc"],"_links":{"self":[{"href":"https:\/\/linitiative.ca\/International\/wp-json\/wp\/v2\/posts\/114404","targetHints":{"allow":["GET"]}}],"collection":[{"href":"https:\/\/linitiative.ca\/International\/wp-json\/wp\/v2\/posts"}],"about":[{"href":"https:\/\/linitiative.ca\/International\/wp-json\/wp\/v2\/types\/post"}],"author":[{"embeddable":true,"href":"https:\/\/linitiative.ca\/International\/wp-json\/wp\/v2\/users\/1759"}],"replies":[{"embeddable":true,"href":"https:\/\/linitiative.ca\/International\/wp-json\/wp\/v2\/comments?post=114404"}],"version-history":[{"count":0,"href":"https:\/\/linitiative.ca\/International\/wp-json\/wp\/v2\/posts\/114404\/revisions"}],"wp:attachment":[{"href":"https:\/\/linitiative.ca\/International\/wp-json\/wp\/v2\/media?parent=114404"}],"wp:term":[{"taxonomy":"category","embeddable":true,"href":"https:\/\/linitiative.ca\/International\/wp-json\/wp\/v2\/categories?post=114404"},{"taxonomy":"post_tag","embeddable":true,"href":"https:\/\/linitiative.ca\/International\/wp-json\/wp\/v2\/tags?post=114404"}],"curies":[{"name":"wp","href":"https:\/\/api.w.org\/{rel}","templated":true}]}}