{"id":114407,"date":"2021-04-05T14:00:50","date_gmt":"2021-04-05T18:00:50","guid":{"rendered":"https:\/\/linitiative.ca\/International\/%ef%bb%bfyoung-democrats-of-america-salue-la-dynamique-de-developpement-au-maroc\/"},"modified":"2021-04-05T14:00:50","modified_gmt":"2021-04-05T18:00:50","slug":"%ef%bb%bfyoung-democrats-of-america-salue-la-dynamique-de-developpement-au-maroc","status":"publish","type":"post","link":"https:\/\/linitiative.ca\/International\/%ef%bb%bfyoung-democrats-of-america-salue-la-dynamique-de-developpement-au-maroc\/","title":{"rendered":"\ufeffYoung Democrats of America salue la dynamique de d\u00e9veloppement au Maroc"},"content":{"rendered":"<p class=\"has-text-color has-vivid-cyan-blue-color c1\"><strong>L\u2019aile jeunesse du Parti d\u00e9mocrate des \u00c9tats-Unis<\/strong><\/p>\n<p>Une d\u00e9l\u00e9gation des Young Democrats of America (YDA), l\u2019aile jeunesse du Parti d\u00e9mocrate des \u00c9tats-Unis, a salu\u00e9 la dynamique de d\u00e9veloppement en cours au Maroc, en concluant dimanche une visite dans le Royaume.<\/p>\n<p>La d\u00e9l\u00e9gation a \u00e9galement mis en avant la volont\u00e9 de la jeunesse marocaine, ses comp\u00e9tences et ses ambitions pour prendre une part active au d\u00e9veloppement du Maroc et de l\u2019Afrique en g\u00e9n\u00e9ral.<\/p>\n<p>Selon un communiqu\u00e9 conjoint des YDA et de la Jeunesse du Parti authenticit\u00e9 et modernit\u00e9 (PAM), la d\u00e9l\u00e9gation du parti am\u00e9ricain a effectu\u00e9 du 31 mars au 4 avril une visite dans le royaume, durant laquelle elle a tenu une rencontre avec le secr\u00e9taire g\u00e9n\u00e9ral du PAM, en pr\u00e9sence de plusieurs responsables du parti.<\/p>\n<p>Plusieurs questions ont \u00e9t\u00e9 abord\u00e9es au cours de cette r\u00e9union se rapportant notamment \u00e0 la jeunesse, aux relations maroco-am\u00e9ricaines et aux opportunit\u00e9s de promouvoir les liens de partenariat et de coop\u00e9ration entre les jeunes et le femmes des deux formations.<\/p>\n<p>Lors d\u2019une rencontre de la d\u00e9l\u00e9gation US avec les jeunes et femmes du parti, l\u2019accent a \u00e9t\u00e9 mis sur les d\u00e9fis auxquels est confront\u00e9e la jeunesse dans le monde ainsi que sur l\u2019\u00e9change d\u2019exp\u00e9riences pour faire progresser l\u2019exercice politique et civique et assurer une participation effective des jeunes et des femmes dans leur pays.<\/p>\n<p>D\u2019autre part, la d\u00e9l\u00e9gation am\u00e9ricaine a insist\u00e9 sur le potentiel \u00e9norme dont regorge la r\u00e9gion de Dakhla-Oued Eddahab, \u00e0 l\u2019instar des autres provinces du sud du Royaume, et l\u2019essor remarquable observ\u00e9 dans la r\u00e9gion au cours des derni\u00e8res ann\u00e9es.<\/p>\n<p>Cette visite a en outre \u00e9t\u00e9 marqu\u00e9e par la participation de la d\u00e9l\u00e9gation des Jeunes D\u00e9mocrates am\u00e9ricains \u00e0 une table ronde sur le plan d\u2019autonomie des provinces du sud, au cours de laquelle l\u2019initiative marocaine a \u00e9t\u00e9 mise en avant comme \u00e9tant la seule solution s\u00e9rieuse et cr\u00e9dible \u00e0 ce conflit artificiel.<\/p>\n<p>Les participants ont \u00e9galement exprim\u00e9 leur soutien \u00e0 la d\u00e9cision du D\u00e9partement d\u2019\u00c9tat am\u00e9ricain de reconna\u00eetre la pleine souverainet\u00e9 du Royaume du Maroc sur ses provinces du sud, appelant les investisseurs \u00e9trangers, en particulier les jeunes, \u00e0 mettre \u00e0 profit les opportunit\u00e9s qui s\u2019offrent dans la r\u00e9gion.<\/p>\n<p>A l\u2019issue de cette visite, les deux parties ont convenu de intensifier l\u2019\u00e9change d\u2019expertises afin de b\u00e9n\u00e9ficier des exp\u00e9riences sur des questions comme la sant\u00e9, le changement climatique et les libert\u00e9s civiles, de renforcer le dialogue politique et la coop\u00e9ration bilat\u00e9rale entre les deux organisations pour davantage de coordination sur les questions concernant la jeunesse au Maroc et aux \u00c9tats-Unis.\u00a0<\/p>\n<p>Auteur: M&rsquo;hammed rahal<br \/>\n<a href=\"http:\/\/albayane.press.ma\/%EF%BB%BFyoung-democrats-of-america-salue-la-dynamique-de-developpement-au-maroc.html\">Cliquez ici pour lire l&rsquo;article depuis sa source.<\/a><\/p>\n","protected":false},"excerpt":{"rendered":"<p>L\u2019aile jeunesse du Parti d\u00e9mocrate des \u00c9tats-Unis Une d\u00e9l\u00e9gation des Young Democrats of America (YDA), l\u2019aile jeunesse du Parti d\u00e9mocrate des \u00c9tats-Unis, a salu\u00e9 la dynamique de d\u00e9veloppement en cours au Maroc, en concluant dimanche une visite dans le Royaume. La d\u00e9l\u00e9gation a \u00e9galement mis en avant la volont\u00e9 de la jeunesse marocaine, ses comp\u00e9tences [&hellip;]<\/p>\n","protected":false},"author":1760,"featured_media":0,"comment_status":"closed","ping_status":"closed","sticky":false,"template":"","format":"standard","meta":{"fifu_image_url":"","fifu_image_alt":"","footnotes":""},"categories":[73,54],"tags":[],"class_list":["post-114407","post","type-post","status-publish","format-standard","hentry","category-actualite","category-maroc"],"_links":{"self":[{"href":"https:\/\/linitiative.ca\/International\/wp-json\/wp\/v2\/posts\/114407","targetHints":{"allow":["GET"]}}],"collection":[{"href":"https:\/\/linitiative.ca\/International\/wp-json\/wp\/v2\/posts"}],"about":[{"href":"https:\/\/linitiative.ca\/International\/wp-json\/wp\/v2\/types\/post"}],"author":[{"embeddable":true,"href":"https:\/\/linitiative.ca\/International\/wp-json\/wp\/v2\/users\/1760"}],"replies":[{"embeddable":true,"href":"https:\/\/linitiative.ca\/International\/wp-json\/wp\/v2\/comments?post=114407"}],"version-history":[{"count":0,"href":"https:\/\/linitiative.ca\/International\/wp-json\/wp\/v2\/posts\/114407\/revisions"}],"wp:attachment":[{"href":"https:\/\/linitiative.ca\/International\/wp-json\/wp\/v2\/media?parent=114407"}],"wp:term":[{"taxonomy":"category","embeddable":true,"href":"https:\/\/linitiative.ca\/International\/wp-json\/wp\/v2\/categories?post=114407"},{"taxonomy":"post_tag","embeddable":true,"href":"https:\/\/linitiative.ca\/International\/wp-json\/wp\/v2\/tags?post=114407"}],"curies":[{"name":"wp","href":"https:\/\/api.w.org\/{rel}","templated":true}]}}