{"id":114409,"date":"2021-04-05T14:00:53","date_gmt":"2021-04-05T18:00:53","guid":{"rendered":"https:\/\/linitiative.ca\/International\/%ef%bb%bfdeux-roquettes-visent-une-base-en-irak\/"},"modified":"2021-04-05T14:00:53","modified_gmt":"2021-04-05T18:00:53","slug":"%ef%bb%bfdeux-roquettes-visent-une-base-en-irak","status":"publish","type":"post","link":"https:\/\/linitiative.ca\/International\/%ef%bb%bfdeux-roquettes-visent-une-base-en-irak\/","title":{"rendered":"\ufeffDeux roquettes visent une base en Irak"},"content":{"rendered":"<p class=\"has-text-color has-vivid-cyan-blue-color c1\"><strong>Abritant des soldats am\u00e9ricains<\/strong><\/p>\n<p><strong>Deux roquettes se sont abattues dimanche pr\u00e8s de la base a\u00e9rienne de Balad, abritant des soldats am\u00e9ricains au nord de Bagdad, trois jours avant la reprise du \u00ab\u00a0dialogue strat\u00e9gique\u00a0\u00bb avec la nouvelle administration am\u00e9ricaine.<\/strong><\/p>\n<p>Les tirs de ces roquettes n\u2019ont fait ni victimes ni d\u00e9g\u00e2ts, a indiqu\u00e9 une source de s\u00e9curit\u00e9 \u00e0 l\u2019AFP. Ils n\u2019ont pas \u00e9t\u00e9 revendiqu\u00e9s mais Washington accuse r\u00e9guli\u00e8rement les groupes arm\u00e9s irakiens pro-Iran de viser ses troupes et ses diplomates.<\/p>\n<p>C\u2019est la quatorzi\u00e8me attaque, dont six \u00e0 la roquette, visant les troupes am\u00e9ricaines, l\u2019ambassade des Etats-Unis ou des convois irakiens de soutien logistique aux troupes \u00e9trang\u00e8res depuis que Joe Biden est arriv\u00e9 \u00e0 la Maison Blanche en janvier.<\/p>\n<p>Au cours de ces attaques \u2013pr\u00e9c\u00e9d\u00e9es par des dizaines d\u2019autres sous l\u2019administration de Donald Trump\u2013 deux Am\u00e9ricains ont \u00e9t\u00e9 tu\u00e9s, ainsi qu\u2019un civil irakien. Un autre Irakien, travaillant pour une entreprise de maintenance des avions am\u00e9ricains F-16 de l\u2019arm\u00e9e irakienne, a \u00e9t\u00e9 bless\u00e9 lors de ces tirs de roquettes.<\/p>\n<p>Ces tirs sont parfois revendiqu\u00e9s par des groupuscules obscurs, en r\u00e9alit\u00e9 des faux-nez des groupes arm\u00e9s pro-Iran pr\u00e9sents de longue date dans le pays, selon les experts.<\/p>\n<p>La preuve pour eux? Une d\u00e9claration r\u00e9cente de Qa\u00efs al-Khazali, l\u2019un des leaders du Hachd al-Chaabi, coalition de paramilitaires n\u00e9e de la guerre contre le groupe Etat islamique (EI) et d\u00e9sormais int\u00e9gr\u00e9e \u00e0 l\u2019Etat, qui regroupe majoritairement des pro-Iran.<\/p>\n<p>\u00ab\u00a0La r\u00e9sistance m\u00e8nent actuellement des attaques et continuera \u00e0 le faire de plus en plus et de plus en plus fort si les Etats-Unis ne retirent pas toutes leurs troupes combattantes de tout l\u2019Irak, du centre, de l\u2019ouest mais aussi du nord\u00a0\u00bb, c\u2019est-\u00e0-dire au Kurdistan, a-t-il dit r\u00e9cemment lors d\u2019un rassemblement.<\/p>\n<p>Mercredi, la nouvelle administration am\u00e9ricaine va entamer un \u00ab\u00a0dialogue strat\u00e9gique\u00a0\u00bb par visioconf\u00e9rence avec le gouvernement irakien de Moustafa al-Kazimi, r\u00e9guli\u00e8rement menac\u00e9 par les factions arm\u00e9es pro-Iran.<\/p>\n<p>Comme un coup de pouce avant le d\u00e9but des discussions, Washington a d\u00e9j\u00e0 accord\u00e9 il y a quelques jours un nouveau r\u00e9pit \u00e0 Bagdad: quatre nouveaux mois d\u2019exemption des sanctions visant les entit\u00e9s commer\u00e7ant avec l\u2019Iran, pour permettre \u00e0 l\u2019Irak d\u2019aborder l\u2019\u00e9t\u00e9 \u2013l\u2019un des plus chauds au monde\u2013 avec assez d\u2019\u00e9lectricit\u00e9 pour fournir les foyers en climatisation et autres \u00e9quipements.<\/p>\n<p>Ennemis jur\u00e9s, la R\u00e9publique islamique d\u2019Iran et les Etats-Unis ont tous deux une pr\u00e9sence ou des alli\u00e9s en Irak.<br \/>Washington y d\u00e9ploie quelque 2.500 militaires et l\u2019Iran a entre autres le soutien du Hachd.<\/p>\n<p>A chaque attaque meurtri\u00e8re, Washington menace de faire \u00ab\u00a0le n\u00e9cessaire\u00a0\u00bb et promet de faire payer le prix fort \u00e0 l\u2019Iran.<\/p>\n<p>Fin f\u00e9vrier, les Etats-Unis ont ainsi men\u00e9 un raid contre des miliciens irakiens pro-Iran en Syrie. Selon l\u2019Observatoire syrien des droits de l\u2019Homme (OSDH), 22 miliciens irakiens avaient p\u00e9ri. Selon le Pentagone, la frappe n\u2019avait fait qu\u2019un mort.<\/p>\n<p>Le porte-parole du Pentagone, John Kirby, a reconnu que cette frappe n\u2019avait pas eu l\u2019effet dissuasif escompt\u00e9 mais plaid\u00e9 que \u00ab\u00a0personne ne veut d\u2019une escalade\u00a0\u00bb.<\/p>\n<p>En janvier 2020, une telle spirale avait failli d\u00e9g\u00e9n\u00e9rer en conflit ouvert en Irak, apr\u00e8s qu\u2019un drone am\u00e9ricain avait tu\u00e9 le g\u00e9n\u00e9ral iranien Qassem Soleimani \u00e0 Bagdad, en riposte \u00e0 la mort d\u2019Am\u00e9ricains en Irak.<\/p>\n<p>Auteur: M&rsquo;hammed rahal<br \/>\n<a href=\"http:\/\/albayane.press.ma\/%EF%BB%BFdeux-roquettes-visent-une-base-en-irak.html\">Cliquez ici pour lire l&rsquo;article depuis sa source.<\/a><\/p>\n","protected":false},"excerpt":{"rendered":"<p>Abritant des soldats am\u00e9ricains Deux roquettes se sont abattues dimanche pr\u00e8s de la base a\u00e9rienne de Balad, abritant des soldats am\u00e9ricains au nord de Bagdad, trois jours avant la reprise du \u00ab\u00a0dialogue strat\u00e9gique\u00a0\u00bb avec la nouvelle administration am\u00e9ricaine. Les tirs de ces roquettes n\u2019ont fait ni victimes ni d\u00e9g\u00e2ts, a indiqu\u00e9 une source de s\u00e9curit\u00e9 [&hellip;]<\/p>\n","protected":false},"author":1760,"featured_media":0,"comment_status":"closed","ping_status":"closed","sticky":false,"template":"","format":"standard","meta":{"fifu_image_url":"","fifu_image_alt":"","footnotes":""},"categories":[73,54],"tags":[],"class_list":["post-114409","post","type-post","status-publish","format-standard","hentry","category-actualite","category-maroc"],"_links":{"self":[{"href":"https:\/\/linitiative.ca\/International\/wp-json\/wp\/v2\/posts\/114409","targetHints":{"allow":["GET"]}}],"collection":[{"href":"https:\/\/linitiative.ca\/International\/wp-json\/wp\/v2\/posts"}],"about":[{"href":"https:\/\/linitiative.ca\/International\/wp-json\/wp\/v2\/types\/post"}],"author":[{"embeddable":true,"href":"https:\/\/linitiative.ca\/International\/wp-json\/wp\/v2\/users\/1760"}],"replies":[{"embeddable":true,"href":"https:\/\/linitiative.ca\/International\/wp-json\/wp\/v2\/comments?post=114409"}],"version-history":[{"count":0,"href":"https:\/\/linitiative.ca\/International\/wp-json\/wp\/v2\/posts\/114409\/revisions"}],"wp:attachment":[{"href":"https:\/\/linitiative.ca\/International\/wp-json\/wp\/v2\/media?parent=114409"}],"wp:term":[{"taxonomy":"category","embeddable":true,"href":"https:\/\/linitiative.ca\/International\/wp-json\/wp\/v2\/categories?post=114409"},{"taxonomy":"post_tag","embeddable":true,"href":"https:\/\/linitiative.ca\/International\/wp-json\/wp\/v2\/tags?post=114409"}],"curies":[{"name":"wp","href":"https:\/\/api.w.org\/{rel}","templated":true}]}}