{"id":114411,"date":"2021-04-06T06:50:55","date_gmt":"2021-04-06T10:50:55","guid":{"rendered":"https:\/\/linitiative.ca\/International\/afd-la-biodiversite-au-coeur-dune-collaboration-avec-le-secteur-prive\/"},"modified":"2021-04-06T06:50:55","modified_gmt":"2021-04-06T10:50:55","slug":"afd-la-biodiversite-au-coeur-dune-collaboration-avec-le-secteur-prive","status":"publish","type":"post","link":"https:\/\/linitiative.ca\/International\/afd-la-biodiversite-au-coeur-dune-collaboration-avec-le-secteur-prive\/","title":{"rendered":"AFD : la biodiversit\u00e9 au c\u0153ur d\u2019une collaboration avec le secteur priv\u00e9"},"content":{"rendered":"<div class=\"td-post-content\">\n<h2>L\u2019<a href=\"http:\/\/www.leconomistemaghrebin.com\/2021\/04\/01\/document-strategie-regionale-afd-afrique-nord-2021-2025\/\" target=\"_blank\" rel=\"noopener noreferrer\">Agence Fran\u00e7aise de D\u00e9veloppement<\/a>\u00a0(AFD) annonce la tenue d\u2019une table ronde, le 07 avril 2021, \u00e0 l\u2019h\u00f4tel Movenpick Gammarth. Et ce, en collaboration avec l\u2019Union Internationale pour la Conservation de la Nature (UICN), Expertise France et\u00a0<a href=\"https:\/\/www.worldwildlife.org\/\" target=\"_blank\" rel=\"noopener noreferrer\">World Wildlife Fund (WWF)<\/a>.<\/h2>\n<p>Selon un communiqu\u00e9 de l\u2019AFD, la table ronde s\u2019inscrit dans le cadre du projet BIODEV2030. Ce projet \u00e9mane d\u2019un ensemble de dispositifs strat\u00e9giques. Ils visent \u00e0 red\u00e9finir les liens entre les soci\u00e9t\u00e9s et les ressources naturelles pour l\u2019agenda Post-2020.<\/p>\n<p>Ainsi, le bureau du Fonds mondial pour la nature (WWF) en Afrique du Nord organisera le 07 avril 2021 cette premi\u00e8re table ronde avec le secteur priv\u00e9 portant sur la biodiversit\u00e9. Et ce, en collaboration avec le Centre international pour les technologies de l\u2019environnement de Tunis (CITET). Elle aura pour th\u00e8me \u00ab\u00a0La biodiversit\u00e9: un d\u00e9fi mais \u00e9galement une ressource et une opportunit\u00e9 pour le d\u00e9veloppement \u00e9conomique\u00a0\u00bb.<\/p>\n<p>La table ronde a pour objectif g\u00e9n\u00e9ral, d\u2019apr\u00e8s la m\u00eame source, la poursuite du dialogue avec les acteurs cl\u00e9s du projet. Tout en incluant le secteur priv\u00e9 dans les d\u00e9bats.<\/p>\n<p>Ainsi, les \u00e9changes porteront sur les opportunit\u00e9s li\u00e9es \u00e0 l\u2019incorporation de bonnes pratiques d\u2019att\u00e9nuation et d\u2019approches favorisant la gestion et l\u2019utilisation durable des \u00e9cosyst\u00e8mes et de leurs services.<\/p>\n<p>En outre, l\u2019\u00e9v\u00e8nement vise \u00e0 amorcer des r\u00e9flexions collectives sur les enjeux \u201centreprises et biodiversit\u00e9\u201d au niveau national. Il comportera \u00e9galement une pr\u00e9sentation des exp\u00e9riences et des bonnes pratiques du secteur priv\u00e9. Elles sont relatives \u00e0 des engagements en faveur de la biodiversit\u00e9.<\/p>\n<p>Enfin, la table ronde regroupe des repr\u00e9sentants de l\u2019Etat \u00e0 travers les minist\u00e8res et organismes sous tutelle, le secteur priv\u00e9, les organisations de la soci\u00e9t\u00e9 civile et des partenaires techniques et financiers.<\/p>\n<\/div>\n<footer>\n<\/footer>\n<div class=\"wp-post-author-wrap wp-post-author-shortcode left\">\n<h3 class=\"awpa-title\"\/>\n<div class=\"wp-post-author\">\n<div class=\"awpa-img awpa-author-block square\"><a href=\"http:\/\/lexpertjournal.net\/fr\/?author=5\"><img loading=\"lazy\" decoding=\"async\" alt=\"\" src=\"http:\/\/0.gravatar.com\/avatar\/97f8e10a1c1125ba104a76514ee07b16?s=150&amp;d=mm&amp;r=g\" srcset=\"http:\/\/0.gravatar.com\/avatar\/97f8e10a1c1125ba104a76514ee07b16?s=300&amp;d=mm&amp;r=g 2x\" class=\"avatar avatar-150 photo\" height=\"150\" width=\"150\"\/><\/a><\/div>\n<\/div>\n<\/div>\n<aside class=\"mashsb-container mashsb-main mashsb-stretched\">\n<\/aside>\n<p>Auteur: L&rsquo;expert<br \/>\n<a href=\"http:\/\/lexpertjournal.net\/fr\/?p=19564\">Cliquez ici pour lire l&rsquo;article depuis sa source.<\/a><\/p>\n","protected":false},"excerpt":{"rendered":"<p>L\u2019Agence Fran\u00e7aise de D\u00e9veloppement\u00a0(AFD) annonce la tenue d\u2019une table ronde, le 07 avril 2021, \u00e0 l\u2019h\u00f4tel Movenpick Gammarth. Et ce, en collaboration avec l\u2019Union Internationale pour la Conservation de la Nature (UICN), Expertise France et\u00a0World Wildlife Fund (WWF). Selon un communiqu\u00e9 de l\u2019AFD, la table ronde s\u2019inscrit dans le cadre du projet BIODEV2030. Ce projet [&hellip;]<\/p>\n","protected":false},"author":1775,"featured_media":0,"comment_status":"closed","ping_status":"closed","sticky":false,"template":"","format":"standard","meta":{"fifu_image_url":"http:\/\/0.gravatar.com\/avatar\/97f8e10a1c1125ba104a76514ee07b16?s=150&d=mm&r=g","fifu_image_alt":"AFD : la biodiversit\u00e9 au c\u0153ur d\u2019une collaboration avec le secteur priv\u00e9","footnotes":""},"categories":[78,55],"tags":[],"class_list":["post-114411","post","type-post","status-publish","format-standard","hentry","category-economie","category-tunisie"],"_links":{"self":[{"href":"https:\/\/linitiative.ca\/International\/wp-json\/wp\/v2\/posts\/114411","targetHints":{"allow":["GET"]}}],"collection":[{"href":"https:\/\/linitiative.ca\/International\/wp-json\/wp\/v2\/posts"}],"about":[{"href":"https:\/\/linitiative.ca\/International\/wp-json\/wp\/v2\/types\/post"}],"author":[{"embeddable":true,"href":"https:\/\/linitiative.ca\/International\/wp-json\/wp\/v2\/users\/1775"}],"replies":[{"embeddable":true,"href":"https:\/\/linitiative.ca\/International\/wp-json\/wp\/v2\/comments?post=114411"}],"version-history":[{"count":0,"href":"https:\/\/linitiative.ca\/International\/wp-json\/wp\/v2\/posts\/114411\/revisions"}],"wp:attachment":[{"href":"https:\/\/linitiative.ca\/International\/wp-json\/wp\/v2\/media?parent=114411"}],"wp:term":[{"taxonomy":"category","embeddable":true,"href":"https:\/\/linitiative.ca\/International\/wp-json\/wp\/v2\/categories?post=114411"},{"taxonomy":"post_tag","embeddable":true,"href":"https:\/\/linitiative.ca\/International\/wp-json\/wp\/v2\/tags?post=114411"}],"curies":[{"name":"wp","href":"https:\/\/api.w.org\/{rel}","templated":true}]}}