{"id":114412,"date":"2021-04-06T11:00:00","date_gmt":"2021-04-06T15:00:00","guid":{"rendered":"https:\/\/linitiative.ca\/International\/louisa-hanoune-reconduite-a-la-tete-du-pt\/"},"modified":"2021-04-06T11:00:00","modified_gmt":"2021-04-06T15:00:00","slug":"louisa-hanoune-reconduite-a-la-tete-du-pt","status":"publish","type":"post","link":"https:\/\/linitiative.ca\/International\/louisa-hanoune-reconduite-a-la-tete-du-pt\/","title":{"rendered":"Louisa Hanoune reconduite \u00e0 la t\u00eate du PT"},"content":{"rendered":"<div id=\"originalText\" readability=\"59\">\n<p>Le comit\u00e9 central du parti des travailleurs a d\u00e9cid\u00e9 \u00e0 l&rsquo;unanimit\u00e9 la reconduction de Louisa Hanoune comme secr\u00e9taire g\u00e9n\u00e9rale du Parti des travailleurs, \u00e0 l\u2019issue d\u2019une s\u00e9ance de vote r\u00e9vocatoire, ce mardi, au si\u00e8ge du PT, \u00e0 El-Harrach.<\/p>\n<p>La m\u00eame instance a \u00e9galement vot\u00e9 le \u00a0renouvellement de confiance au Bureau politique et \u00e0 son secr\u00e9tariat permanent.<\/p>\n<p>Samedi dernier, la SG du PT avait d\u00e9nonc\u00e9\u00a0 une r\u00e9union organis\u00e9e \u00e0 l\u2019h\u00f4tel Mazafran (Z\u00e9ralda), par des personnes \u00ab \u00e9trang\u00e8res au parti \u00bb, qui avaient \u00a0annonc\u00e9 sa destitution.<\/p>\n<p>Louisa Hanoune avait \u00e9galement soutenu, dimanche, lors d\u2019une conf\u00e9rence de presse, que si les autorit\u00e9s venaient \u00e0 valider le\u00ab putsch \u00bb men\u00e9 par des \u00ab usurpateurs \u00bb \u00e0 son encontre, cela rel\u00e8verait, indubitablement, d\u2019une op\u00e9ration de \u00ab vengeance \u00bb contre le PT, pour avoir notamment d\u00e9cid\u00e9 de boycotter les \u00e9lections l\u00e9gislatives du 12 juin 2021.<\/p>\n<p class=\"c6\"><strong>R\u00e9daction Web<\/strong><\/p>\n<\/div>\n<div id=\"text_core\" readability=\"59\">\n<p>Le comit\u00e9 central du parti des travailleurs a d\u00e9cid\u00e9 \u00e0 l&rsquo;unanimit\u00e9 la reconduction de Louisa Hanoune comme secr\u00e9taire g\u00e9n\u00e9rale du Parti des travailleurs, \u00e0 l\u2019issue d\u2019une s\u00e9ance de vote r\u00e9vocatoire, ce mardi, au si\u00e8ge du PT, \u00e0 El-Harrach.<\/p>\n<p>La m\u00eame instance a \u00e9galement vot\u00e9 le \u00a0renouvellement de confiance au Bureau politique et \u00e0 son secr\u00e9tariat permanent.<\/p>\n<p>Samedi dernier, la SG du PT avait d\u00e9nonc\u00e9\u00a0 une r\u00e9union organis\u00e9e \u00e0 l\u2019h\u00f4tel Mazafran (Z\u00e9ralda), par des personnes \u00ab \u00e9trang\u00e8res au parti \u00bb, qui avaient \u00a0annonc\u00e9 sa destitution.<\/p>\n<p>Louisa Hanoune avait \u00e9galement soutenu, dimanche, lors d\u2019une conf\u00e9rence de presse, que si les autorit\u00e9s venaient \u00e0 valider le\u00ab putsch \u00bb men\u00e9 par des \u00ab usurpateurs \u00bb \u00e0 son encontre, cela rel\u00e8verait, indubitablement, d\u2019une op\u00e9ration de \u00ab vengeance \u00bb contre le PT, pour avoir notamment d\u00e9cid\u00e9 de boycotter les \u00e9lections l\u00e9gislatives du 12 juin 2021.<\/p>\n<p class=\"c6\"><strong>R\u00e9daction Web<\/strong><\/p>\n<\/div>\n<p>Auteur:<br \/>\n<a href=\"https:\/\/www.liberte-algerie.com\/actualite\/louisa-hanoune-reconduite-a-la-tete-du-pt-356778\">Cliquez ici pour lire l&rsquo;article depuis sa source.<\/a><\/p>\n","protected":false},"excerpt":{"rendered":"<p>Le comit\u00e9 central du parti des travailleurs a d\u00e9cid\u00e9 \u00e0 l&rsquo;unanimit\u00e9 la reconduction de Louisa Hanoune comme secr\u00e9taire g\u00e9n\u00e9rale du Parti des travailleurs, \u00e0 l\u2019issue d\u2019une s\u00e9ance de vote r\u00e9vocatoire, ce mardi, au si\u00e8ge du PT, \u00e0 El-Harrach. La m\u00eame instance a \u00e9galement vot\u00e9 le \u00a0renouvellement de confiance au Bureau politique et \u00e0 son secr\u00e9tariat [&hellip;]<\/p>\n","protected":false},"author":1742,"featured_media":0,"comment_status":"closed","ping_status":"closed","sticky":false,"template":"","format":"standard","meta":{"fifu_image_url":"","fifu_image_alt":"","footnotes":""},"categories":[73,53],"tags":[],"class_list":["post-114412","post","type-post","status-publish","format-standard","hentry","category-actualite","category-algerie"],"_links":{"self":[{"href":"https:\/\/linitiative.ca\/International\/wp-json\/wp\/v2\/posts\/114412","targetHints":{"allow":["GET"]}}],"collection":[{"href":"https:\/\/linitiative.ca\/International\/wp-json\/wp\/v2\/posts"}],"about":[{"href":"https:\/\/linitiative.ca\/International\/wp-json\/wp\/v2\/types\/post"}],"author":[{"embeddable":true,"href":"https:\/\/linitiative.ca\/International\/wp-json\/wp\/v2\/users\/1742"}],"replies":[{"embeddable":true,"href":"https:\/\/linitiative.ca\/International\/wp-json\/wp\/v2\/comments?post=114412"}],"version-history":[{"count":0,"href":"https:\/\/linitiative.ca\/International\/wp-json\/wp\/v2\/posts\/114412\/revisions"}],"wp:attachment":[{"href":"https:\/\/linitiative.ca\/International\/wp-json\/wp\/v2\/media?parent=114412"}],"wp:term":[{"taxonomy":"category","embeddable":true,"href":"https:\/\/linitiative.ca\/International\/wp-json\/wp\/v2\/categories?post=114412"},{"taxonomy":"post_tag","embeddable":true,"href":"https:\/\/linitiative.ca\/International\/wp-json\/wp\/v2\/tags?post=114412"}],"curies":[{"name":"wp","href":"https:\/\/api.w.org\/{rel}","templated":true}]}}