{"id":114415,"date":"2021-04-06T04:05:51","date_gmt":"2021-04-06T08:05:51","guid":{"rendered":"https:\/\/linitiative.ca\/International\/previsions-meteorologiques-pour-le-mardi-06-avril\/"},"modified":"2021-04-06T04:05:51","modified_gmt":"2021-04-06T08:05:51","slug":"previsions-meteorologiques-pour-le-mardi-06-avril","status":"publish","type":"post","link":"https:\/\/linitiative.ca\/International\/previsions-meteorologiques-pour-le-mardi-06-avril\/","title":{"rendered":"Pr\u00e9visions m\u00e9t\u00e9orologiques pour le mardi 06 avril"},"content":{"rendered":"<div class=\"single-featured\"><img alt=\"\" data-src=\"http:\/\/www.mapmarrakech.ma\/map\/uploads\/2021\/04\/meteo-6-avr.jpg\"\/><\/div>\n<div class=\"single-post-excerpt post-excerpt-bc\" readability=\"34\">\n<p>Voici les pr\u00e9visions m\u00e9t\u00e9orologiques pour la journ\u00e9e du mardi 06 avril 2021, \u00e9tablies par la Direction g\u00e9n\u00e9rale de la m\u00e9t\u00e9orologie:<\/p>\n<\/div>\n<div class=\"entry-content clearfix single-post-content\" readability=\"64\">\n<p>\u2013 Nuages bas matinaux et nocturnes sur les c\u00f4tes et les plaines Nord avec formations brumeuses.<\/p>\n<p>\u2013 Apparition de nuages cumuliformes sur le Haut et le Moyen Atlas.<\/p>\n<p>\u2013 Nuages bas denses sur les c\u00f4tes Centre avec risque de bruine.<\/p>\n<p>\u2013 Temps peu nuageux en g\u00e9n\u00e9ral.<\/p>\n<p>\u2013 Vent faible \u00e0 mod\u00e9r\u00e9 de secteur Nord sur les provinces Sud, de secteur Sud sur le Sud-Est et le Sud de l\u2019Oriental et de secteur Nord \u00e0 variable ailleurs.<\/p>\n<p>\u2013 Temp\u00e9ratures minimales de l\u2019ordre de 02\/08\u00b0C sur les reliefs, les Hauts plateaux et l\u2019Oriental, 15\/20\u00b0C sur le Sud-est et l\u2019extr\u00eame Sud du pays et de 10\/15\u00b0C ailleurs.<\/p>\n<p>\u2013 Temp\u00e9ratures maximales de l\u2019ordre de 15\/20\u00b0C sur les reliefs, 19\/24\u00b0C sur le Saiss, les plateaux des phosphates et d\u2019Oulm\u00e8s, les c\u00f4tes Nord et Centre, la M\u00e9diterran\u00e9e et l\u2019Oriental, 24\/30\u00b0C sur le Sud-Est, Rhamna, Tensift, l\u2019int\u00e9rieur de Chiadma, d\u2019Abda et du Souss et le Nord des provinces Sud et de 31\/36\u00b0C sur le Sud des provinces Sahariennes.<\/p>\n<p>\u2013 Mer belle \u00e0 peu agit\u00e9e sur la M\u00e9diterran\u00e9e et le D\u00e9troit et peu agit\u00e9e \u00e0 agit\u00e9e sur les c\u00f4tes atlantiques.<\/p>\n<\/div>\n<p>Auteur: Mohammed KOURSI<br \/>\n<a href=\"http:\/\/www.mapmarrakech.ma\/fr\/previsions-meteorologiques-pour-le-mardi-06-avril\/\">Cliquez ici pour lire l&rsquo;article depuis sa source.<\/a><\/p>\n","protected":false},"excerpt":{"rendered":"<p>Voici les pr\u00e9visions m\u00e9t\u00e9orologiques pour la journ\u00e9e du mardi 06 avril 2021, \u00e9tablies par la Direction g\u00e9n\u00e9rale de la m\u00e9t\u00e9orologie: \u2013 Nuages bas matinaux et nocturnes sur les c\u00f4tes et les plaines Nord avec formations brumeuses. \u2013 Apparition de nuages cumuliformes sur le Haut et le Moyen Atlas. \u2013 Nuages bas denses sur les c\u00f4tes [&hellip;]<\/p>\n","protected":false},"author":1788,"featured_media":0,"comment_status":"closed","ping_status":"closed","sticky":false,"template":"","format":"standard","meta":{"fifu_image_url":"http:\/\/www.mapmarrakech.ma\/map\/uploads\/2021\/04\/meteo-6-avr.jpg","fifu_image_alt":"Pr\u00e9visions m\u00e9t\u00e9orologiques pour le mardi 06 avril","footnotes":""},"categories":[54,76],"tags":[],"class_list":["post-114415","post","type-post","status-publish","format-standard","hentry","category-maroc","category-regions"],"_links":{"self":[{"href":"https:\/\/linitiative.ca\/International\/wp-json\/wp\/v2\/posts\/114415","targetHints":{"allow":["GET"]}}],"collection":[{"href":"https:\/\/linitiative.ca\/International\/wp-json\/wp\/v2\/posts"}],"about":[{"href":"https:\/\/linitiative.ca\/International\/wp-json\/wp\/v2\/types\/post"}],"author":[{"embeddable":true,"href":"https:\/\/linitiative.ca\/International\/wp-json\/wp\/v2\/users\/1788"}],"replies":[{"embeddable":true,"href":"https:\/\/linitiative.ca\/International\/wp-json\/wp\/v2\/comments?post=114415"}],"version-history":[{"count":0,"href":"https:\/\/linitiative.ca\/International\/wp-json\/wp\/v2\/posts\/114415\/revisions"}],"wp:attachment":[{"href":"https:\/\/linitiative.ca\/International\/wp-json\/wp\/v2\/media?parent=114415"}],"wp:term":[{"taxonomy":"category","embeddable":true,"href":"https:\/\/linitiative.ca\/International\/wp-json\/wp\/v2\/categories?post=114415"},{"taxonomy":"post_tag","embeddable":true,"href":"https:\/\/linitiative.ca\/International\/wp-json\/wp\/v2\/tags?post=114415"}],"curies":[{"name":"wp","href":"https:\/\/api.w.org\/{rel}","templated":true}]}}