{"id":114419,"date":"2021-04-05T17:28:39","date_gmt":"2021-04-05T21:28:39","guid":{"rendered":"https:\/\/linitiative.ca\/International\/urbanisme-signature-de-conventions-pour-un-investissement-de-4535mdh\/"},"modified":"2021-04-05T17:28:39","modified_gmt":"2021-04-05T21:28:39","slug":"urbanisme-signature-de-conventions-pour-un-investissement-de-4535mdh","status":"publish","type":"post","link":"https:\/\/linitiative.ca\/International\/urbanisme-signature-de-conventions-pour-un-investissement-de-4535mdh\/","title":{"rendered":"Urbanisme: signature de conventions pour un investissement de 453,5MDH"},"content":{"rendered":"<p class=\"c4\">Huit conventions li\u00e9es \u00e0 l\u2019urbanisme, \u00e0 l\u2019am\u00e9nagement du territoire et \u00e0 l\u2019habitat dans la r\u00e9gion de l\u2019Oriental ont \u00e9t\u00e9 sign\u00e9es, lundi \u00e0 Oujda, pour un investissement global de 453,5 millions de dirhams (MDH).<\/p>\n<p class=\"c4\">Sign\u00e9s dans le cadre d\u2019une visite de terrain effectu\u00e9e par la ministre de l\u2019Am\u00e9nagement du territoire national, de l\u2019urbanisme, de l\u2019habitat et de la politique de la ville, Nezha Bouchareb, en pr\u00e9sence notamment du wali de la r\u00e9gion de l\u2019Oriental, gouverneur de la pr\u00e9fecture d\u2019Oujda-Angad, Mouad El Jamai, ces accords portent sur des programmes et initiatives visant l\u2019am\u00e9lioration des conditions de vie de plus de 33.000 familles.<\/p>\n<p class=\"c4\">Il s\u2019agit notamment d\u2019une convention de partenariat et de financement pour la r\u00e9alisation du programme de mise \u00e0 niveau int\u00e9gr\u00e9e des bords d\u2019Oued Jelti, Oued Nachef et Oued Isly \u00e0 Oujda.<\/p>\n<p class=\"c4\">Ce projet vise, entre autres, l\u2019am\u00e9nagement des bords de ces oueds, la cr\u00e9ation d\u2019espaces verts, de places publiques et de terrains de sport et de loisirs et le renforcement de l\u2019\u00e9clairage public et de la signalisation.<\/p>\n<p class=\"c4\">Un accord cadre a \u00e9t\u00e9 \u00e9galement sign\u00e9 pour le financement du programme compl\u00e9mentaire relatif au relogement des habitant du quartier Hay Lekhiam et des maisons mena\u00e7ant ruine \u00e0 Tendrara, Zaouiat El Hajoui et Ain Chout dans la province de Figuig, pr\u00e9voyant aussi la cr\u00e9ation de quatre centres de valorisation et de d\u00e9veloppement des activit\u00e9s \u00e9conomiques des femmes rurales.<\/p>\n<p class=\"c4\">Deux autres conventions de partenariat et de financement ont \u00e9t\u00e9 conclues pour le relogement des habitants des maisons mena\u00e7ant ruine, respectivement dans les communes de Guenfouda et de Sidi Boubker, dans la province de Jerada.<\/p>\n<p class=\"c4\">Le cinqui\u00e8me accord sign\u00e9 concerne une convention de partenariat pour la r\u00e9habilitation de l\u2019ancienne m\u00e9dina d\u2019Oujda, alors qu\u2019un avenant de la convention de partenariat et de financement dans le cadre de la politique de la ville pour la mise \u00e0 niveau de la commune de Sidi Slimane Chera\u00e2 (province de Berkane), a \u00e9galement \u00e9t\u00e9 conclu.<\/p>\n<p class=\"c4\">Par ailleurs, une convention de coop\u00e9ration a \u00e9t\u00e9 sign\u00e9e entre l\u2019Agence urbaine d\u2019Oujda, l\u2019Agence urbaine de Nador, Driouch et Guercif, l\u2019Ordre r\u00e9gional des architectes d\u2019Oujda et l\u2019Ecole nationale d\u2019architecture d\u2019Oujda, dans le but d\u2019\u00e9laborer un partenariat dans les domaines de l\u2019architecture et de l\u2019urbanisme.<\/p>\n<p class=\"c4\">Enfin, une convention a \u00e9t\u00e9 conclue entre l\u2019Agence urbaine d\u2019Oujda, l\u2019Ecole nationale d\u2019architecture d\u2019Oujda, le groupe Al Omrane-R\u00e9gion de l\u2019Oriental et l\u2019Ordre r\u00e9gional des architectes d\u2019Oujda, en vue d\u2019Organiser un concours de l\u2019excellence des projets d\u2019un point de vue architectural, esth\u00e9tique, environnemental et d\u2019innovation, que ce soit pour les projets r\u00e9alis\u00e9s en milieu urbain ou dans le monde rural.<\/p>\n<p>Auteur: Soufiane ELAHMAR<br \/>\n<a href=\"http:\/\/www.mapoujda.ma\/fr\/urbanisme-signature-de-conventions-pour-un-investissement-global-de-4535mdh\/\">Cliquez ici pour lire l&rsquo;article depuis sa source.<\/a><\/p>\n","protected":false},"excerpt":{"rendered":"<p>Huit conventions li\u00e9es \u00e0 l\u2019urbanisme, \u00e0 l\u2019am\u00e9nagement du territoire et \u00e0 l\u2019habitat dans la r\u00e9gion de l\u2019Oriental ont \u00e9t\u00e9 sign\u00e9es, lundi \u00e0 Oujda, pour un investissement global de 453,5 millions de dirhams (MDH). Sign\u00e9s dans le cadre d\u2019une visite de terrain effectu\u00e9e par la ministre de l\u2019Am\u00e9nagement du territoire national, de l\u2019urbanisme, de l\u2019habitat et [&hellip;]<\/p>\n","protected":false},"author":1788,"featured_media":0,"comment_status":"closed","ping_status":"closed","sticky":false,"template":"","format":"standard","meta":{"fifu_image_url":"","fifu_image_alt":"","footnotes":""},"categories":[54,76],"tags":[],"class_list":["post-114419","post","type-post","status-publish","format-standard","hentry","category-maroc","category-regions"],"_links":{"self":[{"href":"https:\/\/linitiative.ca\/International\/wp-json\/wp\/v2\/posts\/114419","targetHints":{"allow":["GET"]}}],"collection":[{"href":"https:\/\/linitiative.ca\/International\/wp-json\/wp\/v2\/posts"}],"about":[{"href":"https:\/\/linitiative.ca\/International\/wp-json\/wp\/v2\/types\/post"}],"author":[{"embeddable":true,"href":"https:\/\/linitiative.ca\/International\/wp-json\/wp\/v2\/users\/1788"}],"replies":[{"embeddable":true,"href":"https:\/\/linitiative.ca\/International\/wp-json\/wp\/v2\/comments?post=114419"}],"version-history":[{"count":0,"href":"https:\/\/linitiative.ca\/International\/wp-json\/wp\/v2\/posts\/114419\/revisions"}],"wp:attachment":[{"href":"https:\/\/linitiative.ca\/International\/wp-json\/wp\/v2\/media?parent=114419"}],"wp:term":[{"taxonomy":"category","embeddable":true,"href":"https:\/\/linitiative.ca\/International\/wp-json\/wp\/v2\/categories?post=114419"},{"taxonomy":"post_tag","embeddable":true,"href":"https:\/\/linitiative.ca\/International\/wp-json\/wp\/v2\/tags?post=114419"}],"curies":[{"name":"wp","href":"https:\/\/api.w.org\/{rel}","templated":true}]}}