{"id":114420,"date":"2021-04-05T18:52:19","date_gmt":"2021-04-05T22:52:19","guid":{"rendered":"https:\/\/linitiative.ca\/International\/mme-bouchareb-en-visite-de-terrain-dans-la-province-de-berkane\/"},"modified":"2021-04-05T18:52:19","modified_gmt":"2021-04-05T22:52:19","slug":"mme-bouchareb-en-visite-de-terrain-dans-la-province-de-berkane","status":"publish","type":"post","link":"https:\/\/linitiative.ca\/International\/mme-bouchareb-en-visite-de-terrain-dans-la-province-de-berkane\/","title":{"rendered":"Mme Bouchareb en visite de terrain dans la province de Berkane"},"content":{"rendered":"<p class=\"c4\">La ministre de l\u2019Am\u00e9nagement du territoire national, de l\u2019Urbanisme, de l\u2019Habitat et de la Politique de la ville, Nezha Bouchareb, a effectu\u00e9, lundi, une visite de terrain dans la province de Berkane au cours de laquelle elle s\u2019est enquise de l\u2019\u00e9tat d\u2019avancement de plusieurs projets men\u00e9s par son d\u00e9partement.<\/p>\n<p class=\"c4\">La ministre \u00e0 suivi ainsi des explications sur le projet de mise \u00e0 niveau des principales art\u00e8res de la ville de Berkane, r\u00e9alis\u00e9 dans le cadre du programme d\u2019intervention du minist\u00e8re pour un investissement global de l\u2019ordre de 120 millions de dirhams (MDH) et dont l\u2019\u00e9tat d\u2019avancement des travaux est estim\u00e9 \u00e0 90 pc.<\/p>\n<p class=\"c4\">Confi\u00e9 au groupe Al Omrane-R\u00e9gion de l\u2019Oriental, le projet a pour objectifs de favoriser la mise \u00e0 niveau de la ville et la modernisation du paysage urbain, en sus de rem\u00e9dier aux dysfonctionnements r\u00e9sultant de l\u2019expansion urbaine et de la faiblesse des infrastructures et des \u00e9quipements de base, et ce pour renforcer l\u2019attractivit\u00e9 et cr\u00e9er les conditions d\u2019un d\u00e9veloppement \u00e9quilibr\u00e9.<\/p>\n<p class=\"c4\">Ces interventions font parties d\u2019un ambitieux projet de mise \u00e0 niveau urbaine de la ville de Berkane d\u2019un co\u00fbt de 500 MDH et qui englobe, en outre, la restructuration des quartiers sous-\u00e9quip\u00e9s.<\/p>\n<p class=\"c4\">Dans la commune de Sidi Slimane Chera\u00e2, la ministre a \u00e9t\u00e9 inform\u00e9e de l\u2019\u00e9volution du projet de mise \u00e0 niveau de cette commune qui a n\u00e9cessit\u00e9 la mobilisation d\u2019une enveloppe budg\u00e9taire de 65 MDH, financ\u00e9e par le minist\u00e8re de l\u2019Int\u00e9rieur (Direction g\u00e9n\u00e9rale des collectivit\u00e9s territoriales, 29 MDH), le minist\u00e8re de l\u2019Am\u00e9nagement du territoire national, de l\u2019Urbanisme, de l\u2019Habitat et de la politique de la ville (35 MDH), et la collectivit\u00e9 territoriale concern\u00e9e (01 MDH).<\/p>\n<p class=\"c4\">Les travaux pr\u00e9vus dans le sillage de ce projet portent sur l\u2019ouverture et la construction de routes structurantes, l\u2019\u00e9clairage public et la signalisation, la restructuration des quartiers sous-\u00e9quip\u00e9s et des espaces publics et le r\u00e9am\u00e9nagement des grandes art\u00e8res.<\/p>\n<p class=\"c4\">Mme Bouchareb s\u2019est rendue par la suite dans la commune rurale de Rislane o\u00f9 elle s\u2019est enquise d\u2019un projet de mise \u00e0 niveau des quartiers sous-\u00e9quip\u00e9s de cette commune, objet d\u2019une convention de partenariat entre le minist\u00e8re de l\u2019Int\u00e9rieur, le minist\u00e8re de l\u2019Am\u00e9nagement du territoire national, de l\u2019Urbanisme, de l\u2019Habitat et de la politique de la ville, la pr\u00e9fecture de la province de Berkane et la collectivit\u00e9 territoriale de Rislane.<\/p>\n<p class=\"c4\">D\u2019un investissement global de 6 MDH, ce projet cible les quartiers de B\u00e9ni Nouja et de Tijouine qui comptent un total de 1.500 habitants.<\/p>\n<p class=\"c4\">D\u2019apr\u00e8s les explications fournies sur le site du projet, le taux d\u2019avancement des travaux, assur\u00e9s par le groupe Al Omrane-R\u00e9gion de l\u2019Oriental, est \u00e9valu\u00e9 \u00e0 40 pc.<\/p>\n<p class=\"c4\">Dans une d\u00e9claration \u00e0 la presse, Mme Bouchareb a fait savoir que cette visite dans l\u2019Oriental s\u2019inscrit dans le cadre des tourn\u00e9es effectu\u00e9es dans les diff\u00e9rentes r\u00e9gions du Royaume pour rencontrer les responsables et les parties prenantes et interagir avec eux au sujet du plan de relance post-Covid.<\/p>\n<p class=\"c4\">Et d\u2019ajouter que la visite se veut une occasion pour s\u2019arr\u00eater sur les principaux projets et interventions du minist\u00e8re aussi bien dans le milieu urbain que dans le monde rural, mettant l\u2019accent dans ce sens sur l\u2019importance de veiller \u00e0 un d\u00e9veloppement \u00e9quitable et \u00e9quilibr\u00e9 entre les milieux urbain et rural.<\/p>\n<p>Auteur: Soufiane ELAHMAR<br \/>\n<a href=\"http:\/\/www.mapoujda.ma\/fr\/mme-bouchareb-en-visite-de-terrain-dans-la-province-de-berkane\/\">Cliquez ici pour lire l&rsquo;article depuis sa source.<\/a><\/p>\n","protected":false},"excerpt":{"rendered":"<p>La ministre de l\u2019Am\u00e9nagement du territoire national, de l\u2019Urbanisme, de l\u2019Habitat et de la Politique de la ville, Nezha Bouchareb, a effectu\u00e9, lundi, une visite de terrain dans la province de Berkane au cours de laquelle elle s\u2019est enquise de l\u2019\u00e9tat d\u2019avancement de plusieurs projets men\u00e9s par son d\u00e9partement. La ministre \u00e0 suivi ainsi des [&hellip;]<\/p>\n","protected":false},"author":1788,"featured_media":0,"comment_status":"closed","ping_status":"closed","sticky":false,"template":"","format":"standard","meta":{"fifu_image_url":"","fifu_image_alt":"","footnotes":""},"categories":[54,76],"tags":[],"class_list":["post-114420","post","type-post","status-publish","format-standard","hentry","category-maroc","category-regions"],"_links":{"self":[{"href":"https:\/\/linitiative.ca\/International\/wp-json\/wp\/v2\/posts\/114420","targetHints":{"allow":["GET"]}}],"collection":[{"href":"https:\/\/linitiative.ca\/International\/wp-json\/wp\/v2\/posts"}],"about":[{"href":"https:\/\/linitiative.ca\/International\/wp-json\/wp\/v2\/types\/post"}],"author":[{"embeddable":true,"href":"https:\/\/linitiative.ca\/International\/wp-json\/wp\/v2\/users\/1788"}],"replies":[{"embeddable":true,"href":"https:\/\/linitiative.ca\/International\/wp-json\/wp\/v2\/comments?post=114420"}],"version-history":[{"count":0,"href":"https:\/\/linitiative.ca\/International\/wp-json\/wp\/v2\/posts\/114420\/revisions"}],"wp:attachment":[{"href":"https:\/\/linitiative.ca\/International\/wp-json\/wp\/v2\/media?parent=114420"}],"wp:term":[{"taxonomy":"category","embeddable":true,"href":"https:\/\/linitiative.ca\/International\/wp-json\/wp\/v2\/categories?post=114420"},{"taxonomy":"post_tag","embeddable":true,"href":"https:\/\/linitiative.ca\/International\/wp-json\/wp\/v2\/tags?post=114420"}],"curies":[{"name":"wp","href":"https:\/\/api.w.org\/{rel}","templated":true}]}}