{"id":114422,"date":"2021-04-06T12:58:53","date_gmt":"2021-04-06T16:58:53","guid":{"rendered":"https:\/\/linitiative.ca\/International\/les-horaires-des-vols-de-la-ram-retournent-a-lheure-gmt\/"},"modified":"2021-04-06T12:58:53","modified_gmt":"2021-04-06T16:58:53","slug":"les-horaires-des-vols-de-la-ram-retournent-a-lheure-gmt","status":"publish","type":"post","link":"https:\/\/linitiative.ca\/International\/les-horaires-des-vols-de-la-ram-retournent-a-lheure-gmt\/","title":{"rendered":"Les horaires des vols de la RAM retournent \u00e0 l\u2019heure GMT"},"content":{"rendered":"<div class=\"single-featured\"><img alt=\"\" data-src=\"http:\/\/www.mapoujda.ma\/map\/uploads\/2019\/09\/Avion-de-Royal-Air-Maroc-M750\u00d7430-MAP.jpg\"\/><\/div>\n<div class=\"entry-content clearfix single-post-content\" readability=\"49\">\n<p class=\"c4\">Les horaires des vols de la Royal Air Maroc seront avanc\u00e9s d\u2019une heure au d\u00e9part et \u00e0 l\u2019arriv\u00e9e des diff\u00e9rents a\u00e9roports marocains entre le dimanche 11 avril 2021 \u00e0 03h00 et le dimanche 16 mai 2021 \u00e0 02h00, indique la RAM dans un communiqu\u00e9.<\/p>\n<p class=\"c4\">Cette d\u00e9cision intervient suite au retour du Royaume du Maroc \u00e0 l\u2019heure GMT \u00e0 l\u2019occasion du mois de Ramadan, indique la compagnie nationale, ajoutant qu\u2019\u00e0 cet effet, \u00ab\u00a0les clients sont pri\u00e9s de se pr\u00e9senter suffisamment \u00e0 l\u2019avance aux guichets d\u2019enregistrement \u00e0 l\u2019a\u00e9roport\u00a0\u00bb.<\/p>\n<p class=\"c4\">Pour toute information compl\u00e9mentaire, Royal Air Maroc invite ses clients \u00e0 se renseigner sur le programme de leurs vols aupr\u00e8s des services de la compagnie aux num\u00e9ros suivants :<\/p>\n<p class=\"c4\">Maroc : 089000 0800<\/p>\n<p class=\"c4\">Num\u00e9ro International : +212522489797<\/p>\n<\/div>\n<p>Auteur: Soufiane ELAHMAR<br \/>\n<a href=\"http:\/\/www.mapoujda.ma\/fr\/les-horaires-des-vols-de-la-ram-retournent-a-lheure-gmt\/\">Cliquez ici pour lire l&rsquo;article depuis sa source.<\/a><\/p>\n","protected":false},"excerpt":{"rendered":"<p>Les horaires des vols de la Royal Air Maroc seront avanc\u00e9s d\u2019une heure au d\u00e9part et \u00e0 l\u2019arriv\u00e9e des diff\u00e9rents a\u00e9roports marocains entre le dimanche 11 avril 2021 \u00e0 03h00 et le dimanche 16 mai 2021 \u00e0 02h00, indique la RAM dans un communiqu\u00e9. Cette d\u00e9cision intervient suite au retour du Royaume du Maroc \u00e0 [&hellip;]<\/p>\n","protected":false},"author":1788,"featured_media":0,"comment_status":"closed","ping_status":"closed","sticky":false,"template":"","format":"standard","meta":{"fifu_image_url":"http:\/\/www.mapoujda.ma\/map\/uploads\/2019\/09\/Avion-de-Royal-Air-Maroc-M750\u00d7430-MAP.jpg","fifu_image_alt":"Les horaires des vols de la RAM retournent \u00e0 l\u2019heure GMT","footnotes":""},"categories":[54,76],"tags":[],"class_list":["post-114422","post","type-post","status-publish","format-standard","hentry","category-maroc","category-regions"],"_links":{"self":[{"href":"https:\/\/linitiative.ca\/International\/wp-json\/wp\/v2\/posts\/114422","targetHints":{"allow":["GET"]}}],"collection":[{"href":"https:\/\/linitiative.ca\/International\/wp-json\/wp\/v2\/posts"}],"about":[{"href":"https:\/\/linitiative.ca\/International\/wp-json\/wp\/v2\/types\/post"}],"author":[{"embeddable":true,"href":"https:\/\/linitiative.ca\/International\/wp-json\/wp\/v2\/users\/1788"}],"replies":[{"embeddable":true,"href":"https:\/\/linitiative.ca\/International\/wp-json\/wp\/v2\/comments?post=114422"}],"version-history":[{"count":0,"href":"https:\/\/linitiative.ca\/International\/wp-json\/wp\/v2\/posts\/114422\/revisions"}],"wp:attachment":[{"href":"https:\/\/linitiative.ca\/International\/wp-json\/wp\/v2\/media?parent=114422"}],"wp:term":[{"taxonomy":"category","embeddable":true,"href":"https:\/\/linitiative.ca\/International\/wp-json\/wp\/v2\/categories?post=114422"},{"taxonomy":"post_tag","embeddable":true,"href":"https:\/\/linitiative.ca\/International\/wp-json\/wp\/v2\/tags?post=114422"}],"curies":[{"name":"wp","href":"https:\/\/api.w.org\/{rel}","templated":true}]}}