{"id":114423,"date":"2021-04-06T11:07:52","date_gmt":"2021-04-06T15:07:52","guid":{"rendered":"https:\/\/linitiative.ca\/International\/exclusif-fes-110-millions-de-dh-pour-lextension-de-lusine-alstom\/"},"modified":"2021-04-06T11:07:52","modified_gmt":"2021-04-06T15:07:52","slug":"exclusif-fes-110-millions-de-dh-pour-lextension-de-lusine-alstom","status":"publish","type":"post","link":"https:\/\/linitiative.ca\/International\/exclusif-fes-110-millions-de-dh-pour-lextension-de-lusine-alstom\/","title":{"rendered":"Exclusif\/ F\u00e8s: 110 millions de DH pour l&rsquo;extension de l&rsquo;usine Alstom"},"content":{"rendered":"<p class=\"rtejustify\">Inaugur\u00e9e en octobre 2020, l&rsquo;usine Alstom, situ\u00e9e dans la ZI de l&rsquo;ex-Cotef, sera agrandie. En effet, la Commission R\u00e9gionale Unifi\u00e9e d&rsquo;Investissement (CRUI) vient d&rsquo;approuver l&rsquo;octroi de 3 lots de terrain d&rsquo;une superficie globale de 15.000m2.<\/p>\n<p class=\"rtejustify\">Un foncier qui servira \u00e0 l&rsquo;extension d&rsquo;Alstom pour monter une usine de transformateurs \u00e9lectroniques. L&rsquo;investissement pr\u00e9visionnel relatif \u00e0 ce projet s&rsquo;\u00e9l\u00e8ve \u00e0 plus de 110 millions de DH (10 millions d&rsquo;euros).<\/p>\n<p class=\"rtejustify\">Signalons que le projet pr\u00e9voit la cr\u00e9ation de plus de 100 emplois directs. Pour rappel, le constructeur fran\u00e7ais est pr\u00e9sent \u00e0 F\u00e8s depuis 2012.<\/p>\n<p class=\"rtejustify\"><em>Y.S.A<\/em><\/p>\n<p>Auteur: mbasraoui<br \/>\n<a href=\"https:\/\/www.leconomiste.com\/flash-infos\/exclusif-fes-110-millions-de-dh-pour-l-extension-de-l-usine-alstom\">Cliquez ici pour lire l&rsquo;article depuis sa source.<\/a><\/p>\n","protected":false},"excerpt":{"rendered":"<p>Inaugur\u00e9e en octobre 2020, l&rsquo;usine Alstom, situ\u00e9e dans la ZI de l&rsquo;ex-Cotef, sera agrandie. En effet, la Commission R\u00e9gionale Unifi\u00e9e d&rsquo;Investissement (CRUI) vient d&rsquo;approuver l&rsquo;octroi de 3 lots de terrain d&rsquo;une superficie globale de 15.000m2. Un foncier qui servira \u00e0 l&rsquo;extension d&rsquo;Alstom pour monter une usine de transformateurs \u00e9lectroniques. L&rsquo;investissement pr\u00e9visionnel relatif \u00e0 ce projet [&hellip;]<\/p>\n","protected":false},"author":1763,"featured_media":0,"comment_status":"closed","ping_status":"closed","sticky":false,"template":"","format":"standard","meta":{"fifu_image_url":"","fifu_image_alt":"","footnotes":""},"categories":[78,54],"tags":[],"class_list":["post-114423","post","type-post","status-publish","format-standard","hentry","category-economie","category-maroc"],"_links":{"self":[{"href":"https:\/\/linitiative.ca\/International\/wp-json\/wp\/v2\/posts\/114423","targetHints":{"allow":["GET"]}}],"collection":[{"href":"https:\/\/linitiative.ca\/International\/wp-json\/wp\/v2\/posts"}],"about":[{"href":"https:\/\/linitiative.ca\/International\/wp-json\/wp\/v2\/types\/post"}],"author":[{"embeddable":true,"href":"https:\/\/linitiative.ca\/International\/wp-json\/wp\/v2\/users\/1763"}],"replies":[{"embeddable":true,"href":"https:\/\/linitiative.ca\/International\/wp-json\/wp\/v2\/comments?post=114423"}],"version-history":[{"count":0,"href":"https:\/\/linitiative.ca\/International\/wp-json\/wp\/v2\/posts\/114423\/revisions"}],"wp:attachment":[{"href":"https:\/\/linitiative.ca\/International\/wp-json\/wp\/v2\/media?parent=114423"}],"wp:term":[{"taxonomy":"category","embeddable":true,"href":"https:\/\/linitiative.ca\/International\/wp-json\/wp\/v2\/categories?post=114423"},{"taxonomy":"post_tag","embeddable":true,"href":"https:\/\/linitiative.ca\/International\/wp-json\/wp\/v2\/tags?post=114423"}],"curies":[{"name":"wp","href":"https:\/\/api.w.org\/{rel}","templated":true}]}}