{"id":114424,"date":"2021-04-06T12:42:47","date_gmt":"2021-04-06T16:42:47","guid":{"rendered":"https:\/\/linitiative.ca\/International\/investissement-le-patronat-et-le-ccme-veulent-mobiliser-les-competences-marocaines\/"},"modified":"2021-04-06T12:42:47","modified_gmt":"2021-04-06T16:42:47","slug":"investissement-le-patronat-et-le-ccme-veulent-mobiliser-les-competences-marocaines","status":"publish","type":"post","link":"https:\/\/linitiative.ca\/International\/investissement-le-patronat-et-le-ccme-veulent-mobiliser-les-competences-marocaines\/","title":{"rendered":"Investissement: Le patronat et le CCME veulent mobiliser les comp\u00e9tences marocaines"},"content":{"rendered":"<div readability=\"35\"><a href=\"\/sites\/default\/files\/eco7\/public\/cgem_-_ccme.jpg\"><img decoding=\"async\" class=\"img-responsive\" src=\"\/sites\/default\/files\/eco7\/public\/cgem_-_ccme.jpg\" alt=\"Investissement: Le patronat et le CCME veulent mobiliser les comp\u00e9tences marocaines\"\/><\/a> Karim Amor, pr\u00e9sident de MeM by CGEM et Abdellah Boussouf, SG du CCME signent une convention-cadre de coop\u00e9ration en vue de mobiliser les comp\u00e9tences et entrepreneurs marocains \u00e0 l&rsquo;\u00e9tranger.<\/div>\n<div readability=\"54\">\n<p class=\"rtejustify\">Le Conseil de la communaut\u00e9 marocaine \u00e0 l&rsquo;\u00e9tranger (CCME) et la Conf\u00e9d\u00e9ration g\u00e9n\u00e9rale des entreprises du Maroc (CGEM) coop\u00e8rent pour mobiliser les comp\u00e9tences marocaines bas\u00e9es \u00e0 l\u2019\u00e9tranger afin de les pousser \u00e0 investir au Maroc. Les deux instances ont conclu une convention en ce sens, ce mardi.<\/p>\n<p class=\"rtejustify\">\u00ab\u00a0Cette collaboration a pour objectif de travailler de mani\u00e8re \u00e9troite pour mobiliser les comp\u00e9tences et entrepreneurs marocains \u00e0 l&rsquo;\u00e9tranger pour investir au Maroc, contribuer au d\u00e9veloppement \u00e9conomique de leur pays\u00a0\u00bb, indique-t-on. Il s&rsquo;agit \u00e9galement de l&rsquo;identification et le management de profils de Marocains du monde.<\/p>\n<p class=\"rtejustify\">Le CCME jouit d\u2019une exp\u00e9rience de 14 ans dans le domaine des \u00e9volutions de l&rsquo;\u00e9migration et des d\u00e9bats qu&rsquo;elle suscite tant au Maroc que dans les pays de r\u00e9sidence et au sein des instances internationales. Elle apportera r\u00e9guli\u00e8rement \u00e0 la CGEM son expertise acquise depuis de nombreuses ann\u00e9es, notamment sur le profilage des entrepreneurs marocains ainsi que les hauts potentiels du monde. De son c\u00f4t\u00e9, le patronat mettra ses 13 r\u00e9gions, 37 f\u00e9d\u00e9rations sectorielles repr\u00e9sentant plus de 155 m\u00e9tiers, ses 17 commissions th\u00e9matiques, ainsi que le groupe parlementaire \u00e0 la Chambre des Conseillers, \u00e0 la disposition des entrepreneurs marocains \u00e9tablis \u00e0 l\u2019\u00e9tranger afin de les accompagner \u00e0 \u00e9tablir leurs projets au Maroc.<\/p>\n<p class=\"rtejustify\">\u00a0<\/p>\n<\/div>\n<p>Auteur: hgueye<br \/>\n<a href=\"https:\/\/www.leconomiste.com\/flash-infos\/investissement-le-patronat-et-le-ccme-veulent-mobiliser-les-competences-marocaines\">Cliquez ici pour lire l&rsquo;article depuis sa source.<\/a><\/p>\n","protected":false},"excerpt":{"rendered":"<p>Karim Amor, pr\u00e9sident de MeM by CGEM et Abdellah Boussouf, SG du CCME signent une convention-cadre de coop\u00e9ration en vue de mobiliser les comp\u00e9tences et entrepreneurs marocains \u00e0 l&rsquo;\u00e9tranger. Le Conseil de la communaut\u00e9 marocaine \u00e0 l&rsquo;\u00e9tranger (CCME) et la Conf\u00e9d\u00e9ration g\u00e9n\u00e9rale des entreprises du Maroc (CGEM) coop\u00e8rent pour mobiliser les comp\u00e9tences marocaines bas\u00e9es \u00e0 [&hellip;]<\/p>\n","protected":false},"author":1763,"featured_media":0,"comment_status":"closed","ping_status":"closed","sticky":false,"template":"","format":"standard","meta":{"fifu_image_url":"\/sites\/default\/files\/eco7\/public\/cgem_-_ccme.jpg","fifu_image_alt":"Investissement: Le patronat et le CCME veulent mobiliser les comp\u00e9tences marocaines","footnotes":""},"categories":[78,54],"tags":[],"class_list":["post-114424","post","type-post","status-publish","format-standard","hentry","category-economie","category-maroc"],"_links":{"self":[{"href":"https:\/\/linitiative.ca\/International\/wp-json\/wp\/v2\/posts\/114424","targetHints":{"allow":["GET"]}}],"collection":[{"href":"https:\/\/linitiative.ca\/International\/wp-json\/wp\/v2\/posts"}],"about":[{"href":"https:\/\/linitiative.ca\/International\/wp-json\/wp\/v2\/types\/post"}],"author":[{"embeddable":true,"href":"https:\/\/linitiative.ca\/International\/wp-json\/wp\/v2\/users\/1763"}],"replies":[{"embeddable":true,"href":"https:\/\/linitiative.ca\/International\/wp-json\/wp\/v2\/comments?post=114424"}],"version-history":[{"count":0,"href":"https:\/\/linitiative.ca\/International\/wp-json\/wp\/v2\/posts\/114424\/revisions"}],"wp:attachment":[{"href":"https:\/\/linitiative.ca\/International\/wp-json\/wp\/v2\/media?parent=114424"}],"wp:term":[{"taxonomy":"category","embeddable":true,"href":"https:\/\/linitiative.ca\/International\/wp-json\/wp\/v2\/categories?post=114424"},{"taxonomy":"post_tag","embeddable":true,"href":"https:\/\/linitiative.ca\/International\/wp-json\/wp\/v2\/tags?post=114424"}],"curies":[{"name":"wp","href":"https:\/\/api.w.org\/{rel}","templated":true}]}}