{"id":114425,"date":"2021-04-06T12:54:44","date_gmt":"2021-04-06T16:54:44","guid":{"rendered":"https:\/\/linitiative.ca\/International\/recrutement-lesig-tient-son-12e-forum-entreprise\/"},"modified":"2021-04-06T12:54:44","modified_gmt":"2021-04-06T16:54:44","slug":"recrutement-lesig-tient-son-12e-forum-entreprise","status":"publish","type":"post","link":"https:\/\/linitiative.ca\/International\/recrutement-lesig-tient-son-12e-forum-entreprise\/","title":{"rendered":"Recrutement : L\u2019ESIG tient son 12e forum entreprise"},"content":{"rendered":"<p class=\"rtejustify\">L\u2019ESIG tiendra ce jeudi 8 avril son 12\u00e8me Forum de l\u2019entreprise. Un \u00e9v\u00e8nement destin\u00e9 avant tout aux \u00e9tudiants de niveau Master mais aussi Licence, et dont l\u2019objectif consiste \u00e0 leur servir de tremplin pour pouvoir ins\u00e9rer le march\u00e9 de l\u2019emploi plus facilement.<\/p>\n<p class=\"rtejustify\">Au programme notamment, un salon enti\u00e8rement d\u00e9di\u00e9 au recrutement, par le biais duquel les jeunes participants se verront offrir stages et premiers emplois par pr\u00e8s d\u2019une 20aine d\u2019entreprises de renom repr\u00e9sentant des secteurs aussi strat\u00e9giques que l\u2019automobile ou encore l\u2019assurance. Egalement pr\u00e9vu, un ensemble de conf\u00e9rences visant \u00e0 initier les jeunes participants aux secteurs porteurs actuels.<\/p>\n<p class=\"rtejustify\">Au total, pr\u00e8s d\u2019une centaine d\u2019\u00e9tudiants intra et extra-\u00e9tablissements y sont attendus.<\/p>\n<p class=\"rtejustify\"><em>K.A.<\/em><\/p>\n<p class=\"rtejustify\">\u00a0<\/p>\n<p>Auteur: mbasraoui<br \/>\n<a href=\"https:\/\/www.leconomiste.com\/flash-infos\/recrutement-l-esig-tient-son-12e-forum-entreprise\">Cliquez ici pour lire l&rsquo;article depuis sa source.<\/a><\/p>\n","protected":false},"excerpt":{"rendered":"<p>L\u2019ESIG tiendra ce jeudi 8 avril son 12\u00e8me Forum de l\u2019entreprise. Un \u00e9v\u00e8nement destin\u00e9 avant tout aux \u00e9tudiants de niveau Master mais aussi Licence, et dont l\u2019objectif consiste \u00e0 leur servir de tremplin pour pouvoir ins\u00e9rer le march\u00e9 de l\u2019emploi plus facilement. Au programme notamment, un salon enti\u00e8rement d\u00e9di\u00e9 au recrutement, par le biais duquel [&hellip;]<\/p>\n","protected":false},"author":1763,"featured_media":0,"comment_status":"closed","ping_status":"closed","sticky":false,"template":"","format":"standard","meta":{"fifu_image_url":"","fifu_image_alt":"","footnotes":""},"categories":[78,54],"tags":[],"class_list":["post-114425","post","type-post","status-publish","format-standard","hentry","category-economie","category-maroc"],"_links":{"self":[{"href":"https:\/\/linitiative.ca\/International\/wp-json\/wp\/v2\/posts\/114425","targetHints":{"allow":["GET"]}}],"collection":[{"href":"https:\/\/linitiative.ca\/International\/wp-json\/wp\/v2\/posts"}],"about":[{"href":"https:\/\/linitiative.ca\/International\/wp-json\/wp\/v2\/types\/post"}],"author":[{"embeddable":true,"href":"https:\/\/linitiative.ca\/International\/wp-json\/wp\/v2\/users\/1763"}],"replies":[{"embeddable":true,"href":"https:\/\/linitiative.ca\/International\/wp-json\/wp\/v2\/comments?post=114425"}],"version-history":[{"count":0,"href":"https:\/\/linitiative.ca\/International\/wp-json\/wp\/v2\/posts\/114425\/revisions"}],"wp:attachment":[{"href":"https:\/\/linitiative.ca\/International\/wp-json\/wp\/v2\/media?parent=114425"}],"wp:term":[{"taxonomy":"category","embeddable":true,"href":"https:\/\/linitiative.ca\/International\/wp-json\/wp\/v2\/categories?post=114425"},{"taxonomy":"post_tag","embeddable":true,"href":"https:\/\/linitiative.ca\/International\/wp-json\/wp\/v2\/tags?post=114425"}],"curies":[{"name":"wp","href":"https:\/\/api.w.org\/{rel}","templated":true}]}}