{"id":114429,"date":"2021-04-06T15:14:13","date_gmt":"2021-04-06T19:14:13","guid":{"rendered":"https:\/\/linitiative.ca\/International\/ligue-des-champions-man-city-guardiola-tout-proche-dun-record-detenu-par-ancelotti\/"},"modified":"2021-04-06T15:14:13","modified_gmt":"2021-04-06T19:14:13","slug":"ligue-des-champions-man-city-guardiola-tout-proche-dun-record-detenu-par-ancelotti","status":"publish","type":"post","link":"https:\/\/linitiative.ca\/International\/ligue-des-champions-man-city-guardiola-tout-proche-dun-record-detenu-par-ancelotti\/","title":{"rendered":"Ligue des Champions : Man City : Guardiola tout proche d&rsquo;un record d\u00e9tenu par Ancelotti"},"content":{"rendered":"<div readability=\"32\">\n<p>Auteur : <span class=\"time\">mardi 06 avril 2021 12:29<\/span><\/p>\n<\/div>\n<div id=\"post_core\" readability=\"47\">\n<p>Manchester City a beau marcher sur l\u2019eau depuis le d\u00e9but de l\u2019hiver, le club mancunien aborde forc\u00e9ment le duel face au Borussia Dortmund en quarts de finale de la Ligue des champions avec une certaine m\u00e9fiance. Cons\u00e9quence des trois \u00e9checs subis \u00e0 ce m\u00eame stade de la C1 ces trois derni\u00e8res ann\u00e9es comme l&rsquo;indique Football.<\/p>\n<p>Pour autant, les Citizens pourront compter sur l\u2019immense exp\u00e9rience de Pep Guardiola. Le technicien espagnol dirigera \u00e0 l\u2019occasion de ces quarts de finales ses 60e et 61e matches en phase finale de Ligue des champions.<\/p>\n<p>Pep Guardiola ne sera plus qu\u2019\u00e0 une unit\u00e9 du record en la mati\u00e8re, propri\u00e9t\u00e9 de Carlo Ancelotti avec 62 matches de phase finale.<\/p>\n<p><strong>Publi\u00e9 dans :<\/strong> <span>Manchester City<\/span><\/p>\n<\/div>\n<p>Auteur:<br \/>\n<a href=\"http:\/\/www.lebuteur.com\/article\/detail?titre=man-city-guardiola-tout-proche-dun-record-detenu-par-ancelotti&#038;id=99629&#038;utm_source=feedburner&#038;utm_medium=feed&#038;utm_campaign=Feed%3A+GalerieFArtciles+%28Les+derniers+articles++-+lebuteur.com%29\">Cliquez ici pour lire l&rsquo;article depuis sa source.<\/a><\/p>\n","protected":false},"excerpt":{"rendered":"<p>Auteur : mardi 06 avril 2021 12:29 Manchester City a beau marcher sur l\u2019eau depuis le d\u00e9but de l\u2019hiver, le club mancunien aborde forc\u00e9ment le duel face au Borussia Dortmund en quarts de finale de la Ligue des champions avec une certaine m\u00e9fiance. Cons\u00e9quence des trois \u00e9checs subis \u00e0 ce m\u00eame stade de la C1 [&hellip;]<\/p>\n","protected":false},"author":1738,"featured_media":0,"comment_status":"closed","ping_status":"closed","sticky":false,"template":"","format":"standard","meta":{"fifu_image_url":"\/\/cdn.lebuteur.com\/data\/images\/article\/thumbs\/large-man-city-guardiola-tout-proche-dun-record-detenu-par-ancelotti-6212c.jpg","fifu_image_alt":"Ligue des Champions : Man City : Guardiola tout proche d'un record d\u00e9tenu par Ancelotti","footnotes":""},"categories":[53,75],"tags":[],"class_list":["post-114429","post","type-post","status-publish","format-standard","hentry","category-algerie","category-sport"],"_links":{"self":[{"href":"https:\/\/linitiative.ca\/International\/wp-json\/wp\/v2\/posts\/114429","targetHints":{"allow":["GET"]}}],"collection":[{"href":"https:\/\/linitiative.ca\/International\/wp-json\/wp\/v2\/posts"}],"about":[{"href":"https:\/\/linitiative.ca\/International\/wp-json\/wp\/v2\/types\/post"}],"author":[{"embeddable":true,"href":"https:\/\/linitiative.ca\/International\/wp-json\/wp\/v2\/users\/1738"}],"replies":[{"embeddable":true,"href":"https:\/\/linitiative.ca\/International\/wp-json\/wp\/v2\/comments?post=114429"}],"version-history":[{"count":0,"href":"https:\/\/linitiative.ca\/International\/wp-json\/wp\/v2\/posts\/114429\/revisions"}],"wp:attachment":[{"href":"https:\/\/linitiative.ca\/International\/wp-json\/wp\/v2\/media?parent=114429"}],"wp:term":[{"taxonomy":"category","embeddable":true,"href":"https:\/\/linitiative.ca\/International\/wp-json\/wp\/v2\/categories?post=114429"},{"taxonomy":"post_tag","embeddable":true,"href":"https:\/\/linitiative.ca\/International\/wp-json\/wp\/v2\/tags?post=114429"}],"curies":[{"name":"wp","href":"https:\/\/api.w.org\/{rel}","templated":true}]}}