{"id":114431,"date":"2021-04-06T15:14:19","date_gmt":"2021-04-06T19:14:19","guid":{"rendered":"https:\/\/linitiative.ca\/International\/equipe-dalgerie-ag-elective-de-la-faf-amar-bahloul-annonce-sa-candidature\/"},"modified":"2021-04-06T15:14:19","modified_gmt":"2021-04-06T19:14:19","slug":"equipe-dalgerie-ag-elective-de-la-faf-amar-bahloul-annonce-sa-candidature","status":"publish","type":"post","link":"https:\/\/linitiative.ca\/International\/equipe-dalgerie-ag-elective-de-la-faf-amar-bahloul-annonce-sa-candidature\/","title":{"rendered":"Equipe d&rsquo;Alg\u00e9rie : AG \u00e9lective de la FAF: Amar Bahloul annonce sa candidature"},"content":{"rendered":"<div readability=\"32\">\n<p>Auteur : <span class=\"time\">mardi 06 avril 2021 15:20<\/span><\/p>\n<\/div>\n<div id=\"post_core\" readability=\"63\">\n<p>Le membre du Bureau f\u00e9d\u00e9ral sortant de la F\u00e9d\u00e9ration alg\u00e9rienne de football (FAF) Amar Bahloul, a annonc\u00e9 officiellement sa candidature pour la pr\u00e9sidence de l&rsquo;instance f\u00e9d\u00e9rale, en vue de l&rsquo;assembl\u00e9e \u00e9lective (AGE), pr\u00e9vue le 15 avril, a appris l&rsquo;APS mardi aupr\u00e8s de l&rsquo;int\u00e9ress\u00e9. \u00ab\u00a0Apr\u00e8s m\u00fbre r\u00e9flexion, j&rsquo;ai d\u00e9cid\u00e9 officiellement de me porter candidat. L&rsquo;adoption \u00e0 la majorit\u00e9 des bilans moral et financier a \u00e9norm\u00e9ment pes\u00e9 sur ma d\u00e9cision\u00a0\u00bb, a indiqu\u00e9 Bahloul. La commission de candidatures, install\u00e9e lundi peu apr\u00e8s le d\u00e9roulement des travaux de l&rsquo;assembl\u00e9e g\u00e9n\u00e9rale ordinaire (AGO), pr\u00e9sid\u00e9e par le pr\u00e9sident de l&rsquo;US Chaouia Abdelmadjid Yahi, a fix\u00e9 du 6 au 9 avril \u00e0 minuit, la p\u00e9riode pour le d\u00e9p\u00f4t des candidatures. \u00ab\u00a0Mon projet consiste \u00e0 rassembler l&rsquo;ensemble de la famille du football alg\u00e9rien, je suis pr\u00eat \u00e0 discuter avec l&rsquo;opposition, que j&rsquo;inviterai \u00e0 s&rsquo;asseoir autour d&rsquo;une table dans l&rsquo;int\u00e9r\u00eat du football national. Je suis un rassembleur, je ne vais exclure personne\u00a0\u00bb, a-t-il ajout\u00e9, soulignant qu&rsquo;il comptait d\u00e9poser son dossier jeudi. Avant d&rsquo;encha\u00eener : \u00ab\u00a0Mon projet s&rsquo;articule sur trois axes : rassemblement, continuit\u00e9 et optimisation\u00a0\u00bb. Bahloul s&rsquo;est engag\u00e9 \u00e9galement \u00ab\u00a0\u00e0 apporter des correctifs aux insuffisances constat\u00e9es dans le domaine organisationnel de la FAF, lors du pr\u00e9c\u00e9dent mandat sur tous les plans\u00a0\u00bb. Enfin, concernant ses chances de succ\u00e9der \u00e0 Khe\u00efreddine Zetchi, le natif d&rsquo;El-Tarf se dit \u00ab\u00a0confiant\u00a0\u00bb. \u00ab\u00a0Mes chances ? Je reste confiant, je pense que j&rsquo;ai des atouts \u00e0 faire valoir, mon v\u00e9cu et mon exp\u00e9rience et toutes mes sorties sur le plan m\u00e9diatique seront pour moi un avantage non n\u00e9gligeable pour essayer d&rsquo;avoir l&rsquo;insigne honneur de diriger le football alg\u00e9rien\u00a0\u00bb. Le pr\u00e9sident sortant de l&rsquo;instance f\u00e9d\u00e9rale, Khe\u00efreddine Zetchi, a d\u00e9cid\u00e9 de ne pas briguer un deuxi\u00e8me mandat, lui qui avait \u00e9t\u00e9 \u00e9lu le 20 mars 2017 en remplacement de Mohamed Raouraoua. \u00a0Outre Bahloul, d&rsquo;autres noms se sont positionn\u00e9s pour reprendre la pr\u00e9sidence de l&rsquo;instance f\u00e9d\u00e9rale \u00e0 l&rsquo;image de Walid Sadi, Mohamed El-Morro, ou encore l&rsquo;ancien international Antar Yahia, rest\u00e9 toutefois \u00e9vasif sur la question.\u00a0<\/p>\n<p><strong>Publi\u00e9 dans :<\/strong> <span>Bahloul<\/span><\/p>\n<\/div>\n<p>Auteur:<br \/>\n<a href=\"http:\/\/www.lebuteur.com\/article\/detail?titre=ag-elective-de-la-faf-amar-bahloul-annonce-sa-candidature&#038;id=99631&#038;utm_source=feedburner&#038;utm_medium=feed&#038;utm_campaign=Feed%3A+GalerieFArtciles+%28Les+derniers+articles++-+lebuteur.com%29\">Cliquez ici pour lire l&rsquo;article depuis sa source.<\/a><\/p>\n","protected":false},"excerpt":{"rendered":"<p>Auteur : mardi 06 avril 2021 15:20 Le membre du Bureau f\u00e9d\u00e9ral sortant de la F\u00e9d\u00e9ration alg\u00e9rienne de football (FAF) Amar Bahloul, a annonc\u00e9 officiellement sa candidature pour la pr\u00e9sidence de l&rsquo;instance f\u00e9d\u00e9rale, en vue de l&rsquo;assembl\u00e9e \u00e9lective (AGE), pr\u00e9vue le 15 avril, a appris l&rsquo;APS mardi aupr\u00e8s de l&rsquo;int\u00e9ress\u00e9. \u00ab\u00a0Apr\u00e8s m\u00fbre r\u00e9flexion, j&rsquo;ai d\u00e9cid\u00e9 [&hellip;]<\/p>\n","protected":false},"author":1738,"featured_media":0,"comment_status":"closed","ping_status":"closed","sticky":false,"template":"","format":"standard","meta":{"fifu_image_url":"\/\/cdn.lebuteur.com\/data\/images\/article\/thumbs\/large-ag-elective-de-la-faf-amar-bahloul-annonce-sa-candidature-734bb.jpg","fifu_image_alt":"Equipe d'Alg\u00e9rie : AG \u00e9lective de la FAF: Amar Bahloul annonce sa candidature","footnotes":""},"categories":[53,75],"tags":[],"class_list":["post-114431","post","type-post","status-publish","format-standard","hentry","category-algerie","category-sport"],"_links":{"self":[{"href":"https:\/\/linitiative.ca\/International\/wp-json\/wp\/v2\/posts\/114431","targetHints":{"allow":["GET"]}}],"collection":[{"href":"https:\/\/linitiative.ca\/International\/wp-json\/wp\/v2\/posts"}],"about":[{"href":"https:\/\/linitiative.ca\/International\/wp-json\/wp\/v2\/types\/post"}],"author":[{"embeddable":true,"href":"https:\/\/linitiative.ca\/International\/wp-json\/wp\/v2\/users\/1738"}],"replies":[{"embeddable":true,"href":"https:\/\/linitiative.ca\/International\/wp-json\/wp\/v2\/comments?post=114431"}],"version-history":[{"count":0,"href":"https:\/\/linitiative.ca\/International\/wp-json\/wp\/v2\/posts\/114431\/revisions"}],"wp:attachment":[{"href":"https:\/\/linitiative.ca\/International\/wp-json\/wp\/v2\/media?parent=114431"}],"wp:term":[{"taxonomy":"category","embeddable":true,"href":"https:\/\/linitiative.ca\/International\/wp-json\/wp\/v2\/categories?post=114431"},{"taxonomy":"post_tag","embeddable":true,"href":"https:\/\/linitiative.ca\/International\/wp-json\/wp\/v2\/tags?post=114431"}],"curies":[{"name":"wp","href":"https:\/\/api.w.org\/{rel}","templated":true}]}}