{"id":114434,"date":"2021-04-06T07:32:00","date_gmt":"2021-04-06T11:32:00","guid":{"rendered":"https:\/\/linitiative.ca\/International\/la-jebba-tunisienne-a-la-casa-rosa\/"},"modified":"2021-04-06T07:32:00","modified_gmt":"2021-04-06T11:32:00","slug":"la-jebba-tunisienne-a-la-casa-rosa","status":"publish","type":"post","link":"https:\/\/linitiative.ca\/International\/la-jebba-tunisienne-a-la-casa-rosa\/","title":{"rendered":"La jebba Tunisienne \u00e0 la Casa Rosa"},"content":{"rendered":"<p>Elle vient de loin, de plus de 10.000 km et fait chaud au c\u0153ur, cette superbe photo. Voir le drapeau tunisien au palais Casa Rosa, si\u00e8ge de la pr\u00e9sidence de la R\u00e9publique \u00e0 Buenos Aires, est \u00e9mouvant. Suivre la c\u00e9r\u00e9monie haute en couleur de pr\u00e9sentation par l\u2019ambassadeur de Tunisie, Mohamed Ali Ben Abid, de ses lettres de cr\u00e9ance au pr\u00e9sident argentin, Alberto Fern\u00e1ndez, est un \u00e9v\u00e8nement in\u00e9dit. C\u2019est en effet pour la premi\u00e8re fois depuis de longues ann\u00e9es que les nouveaux ambassadeurs accr\u00e9dit\u00e9s en Argentine y sont admis aupr\u00e8s du chef de l\u2019Etat. La c\u00e9r\u00e9monie \u00e9tait remplac\u00e9e par un autre format, plus r\u00e9duit, aux Affaires \u00e9trang\u00e8res.<\/p>\n<p>Elu pr\u00e9sident de la R\u00e9publique en d\u00e9cembre 2019, Alberto Fern\u00e1ndez l\u2019a restitu\u00e9e. Mais, le Covid devait retarder sa tenue. Elle eu lieu finalement d\u00e9but mars dernier, avec un c\u00e9r\u00e9monial prestigieux. Pas moins de dix-huit ambassadeurs devaient \u00eatre re\u00e7us. Selon l\u2019ordre de pr\u00e9s\u00e9ance, en suivant la date d\u2019arriv\u00e9e, c\u2019est \u00e0 l\u2019ambassadeur Mohamed Ali Ben Abid d\u2019\u00eatre re\u00e7u le premier. Arborant fi\u00e8rement une jebba tunisienne soigneusement brod\u00e9e, en cette saison estivale en Argentine, il a eu le privil\u00e8ge de donner de la Tunisie une haute image.<\/p>\n<p class=\"c2\"><a href=\"https:\/\/www.leaders.com.tn\/le_mensuel_abonnez_vous\" target=\"_blank\" rel=\"noopener\"><img loading=\"lazy\" decoding=\"async\" src=\"\/uploads\/FCK_files\/Bandeau-Leaders(3).jpg\" alt=\"\" width=\"500\" vspace=\"5\" hspace=\"5\" height=\"128\" align=\"middle\"\/><\/a><\/p>\n<p>Auteur:<br \/>\n<a href=\"https:\/\/www.leaders.com.tn\/article\/31679-la-jebba-tunisienne-a-la-casa-rosa\">Cliquez ici pour lire l&rsquo;article depuis sa source.<\/a><\/p>\n","protected":false},"excerpt":{"rendered":"<p>Elle vient de loin, de plus de 10.000 km et fait chaud au c\u0153ur, cette superbe photo. Voir le drapeau tunisien au palais Casa Rosa, si\u00e8ge de la pr\u00e9sidence de la R\u00e9publique \u00e0 Buenos Aires, est \u00e9mouvant. Suivre la c\u00e9r\u00e9monie haute en couleur de pr\u00e9sentation par l\u2019ambassadeur de Tunisie, Mohamed Ali Ben Abid, de ses [&hellip;]<\/p>\n","protected":false},"author":1772,"featured_media":0,"comment_status":"closed","ping_status":"closed","sticky":false,"template":"","format":"standard","meta":{"fifu_image_url":"\/uploads\/FCK_files\/Bandeau-Leaders(3).jpg","fifu_image_alt":"La jebba Tunisienne \u00e0 la Casa Rosa","footnotes":""},"categories":[73,55],"tags":[],"class_list":["post-114434","post","type-post","status-publish","format-standard","hentry","category-actualite","category-tunisie"],"_links":{"self":[{"href":"https:\/\/linitiative.ca\/International\/wp-json\/wp\/v2\/posts\/114434","targetHints":{"allow":["GET"]}}],"collection":[{"href":"https:\/\/linitiative.ca\/International\/wp-json\/wp\/v2\/posts"}],"about":[{"href":"https:\/\/linitiative.ca\/International\/wp-json\/wp\/v2\/types\/post"}],"author":[{"embeddable":true,"href":"https:\/\/linitiative.ca\/International\/wp-json\/wp\/v2\/users\/1772"}],"replies":[{"embeddable":true,"href":"https:\/\/linitiative.ca\/International\/wp-json\/wp\/v2\/comments?post=114434"}],"version-history":[{"count":0,"href":"https:\/\/linitiative.ca\/International\/wp-json\/wp\/v2\/posts\/114434\/revisions"}],"wp:attachment":[{"href":"https:\/\/linitiative.ca\/International\/wp-json\/wp\/v2\/media?parent=114434"}],"wp:term":[{"taxonomy":"category","embeddable":true,"href":"https:\/\/linitiative.ca\/International\/wp-json\/wp\/v2\/categories?post=114434"},{"taxonomy":"post_tag","embeddable":true,"href":"https:\/\/linitiative.ca\/International\/wp-json\/wp\/v2\/tags?post=114434"}],"curies":[{"name":"wp","href":"https:\/\/api.w.org\/{rel}","templated":true}]}}