{"id":114439,"date":"2021-04-06T06:00:00","date_gmt":"2021-04-06T10:00:00","guid":{"rendered":"https:\/\/linitiative.ca\/International\/zidane-contre-klopp-acte-ii\/"},"modified":"2021-04-06T06:00:00","modified_gmt":"2021-04-06T10:00:00","slug":"zidane-contre-klopp-acte-ii","status":"publish","type":"post","link":"https:\/\/linitiative.ca\/International\/zidane-contre-klopp-acte-ii\/","title":{"rendered":"Zidane contre Klopp, acte II"},"content":{"rendered":"<p class=\"c3\">Trois ans apr\u00e8s la finale Real Madrid-Liverpool (3-1), celle du tripl\u00e9 pour les Espagnols, Zin\u00e9dine Zidane et J\u00fcrgen Klopp se retrouvent ce soir \u00e0 Madrid en quart de finale aller de Ligue des champions pour un acte II qui sent la poudre.<br \/>Cette affiche entre deux clubs qui additionnent 19 sacres europ\u00e9ens (treize pour le Real, six pour les Anglais) reste un classique, m\u00eame si cette ann\u00e9e, ils apparaissent assez peu dominants dans leurs Championnats respectifs. Les souvenirs de 2018 sont encore l\u00e0 : l&rsquo;incroyable retourn\u00e9 acrobatique de Gareth Bale pour redonner l&rsquo;avantage au Real \u00e0 2-1, les deux boulettes de l&rsquo;ex-gardien des Reds Loris Karius, l&rsquo;intervention limite de Sergio Ramos qui avait bless\u00e9 l&rsquo;Egyptien Mohamed Salah d\u00e8s la demi-heure de jeu, la discr\u00e9tion de Cristiano Ronaldo, le large sourire de Zidane, le visage ferm\u00e9 d&rsquo;un Klopp prostr\u00e9&#8230;\u00a0<br \/>Trois ann\u00e9es ont pass\u00e9 depuis la derni\u00e8re fois que ces deux techniciens se sont serr\u00e9 la main apr\u00e8s un coup de sifflet final. Entre-temps, \u00abZizou\u00bb a pris un cong\u00e9 sabbatique de neuf mois entre mai 2018 et mars 2019, puis a repris les r\u00eanes du Real sans conna\u00eetre le m\u00eame succ\u00e8s que lors de son premier passage sur le banc merengue. Et Klopp a fait passer Liverpool d&rsquo;un simple outsider \u00e0 un mastodonte europ\u00e9en : depuis cette d\u00e9sillusion du 26 mai 2018 \u00e0 Kiev, le technicien allemand a remport\u00e9 la Ligue des champions, la Supercoupe d&rsquo;Europe et la Coupe du monde des clubs en 2019, et en 2020 un Championnat d&rsquo;Angleterre qui \u00e9chappait aux Reds depuis trois d\u00e9cennies.<br \/>Un tournant<br \/>Au moment du tirage, Klopp s&rsquo;est montr\u00e9 tr\u00e8s d\u00e9tendu sur ces br\u00fblantes retrouvailles. \u00abCela ne fait qu&rsquo;un peu plus de deux ans qu&rsquo;on les a rencontr\u00e9s et cela avait \u00e9t\u00e9 une nuit difficile pour nous. Avoir une chance de les affronter \u00e0 nouveau, c&rsquo;est cool\u00bb, avait-il l\u00e2ch\u00e9. Cette d\u00e9faite, aussi cruelle fut-elle, avait agi comme un tournant dans la trajectoire de Liverpool et avait contribu\u00e9 \u00e0 forger la l\u00e9gende de Klopp dans le c\u0153ur du peuple des Reds. Jusqu&rsquo;au sacre europ\u00e9en de Liverpool en 2019, le charismatique entra\u00eeneur allemand restait sur une s\u00e9rie de six finales perdues avec le Borussia Dortmund puis Liverpool, toutes comp\u00e9titions confondues. Quelques heures apr\u00e8s le coup de sifflet final, Klopp avait \u00e9t\u00e9 film\u00e9 en train de chanter en compagnie d&rsquo;un groupe d&rsquo;amis, dont le leader du groupe punk-rock les Toten Hosen : \u00abOn a vu la Coupe d&rsquo;Europe, mais c&rsquo;est Madrid qui a eu toute la p&#8230; de chance. On jure de rester cool pour la ramener \u00e0 Liverpool.\u00bb Promesse tenue, un an plus tard. Chez Zidane, l&rsquo;ambiance n&rsquo;est jamais \u00e0 pousser la chansonnette : dans la victoire comme dans la d\u00e9faite, le technicien fran\u00e7ais, auteur d&rsquo;un tripl\u00e9 entre 2016 et 2018, triomphe in\u00e9dit pour un entra\u00eeneur (les trois sacres de Bob Paisley avec Liverpool n&rsquo;ont pas \u00e9t\u00e9 remport\u00e9s cons\u00e9cutivement et ceux de Carlo Ancelotti l&rsquo;ont \u00e9t\u00e9 avec deux clubs, l&rsquo;AC Milan et le Real), est en permanence sous pression sur le banc merengue.<\/p>\n<p class=\"c3\"><strong>Zidane, \u00abmeilleur\u00bb ?<\/strong><br \/>Bien que le Real Madrid soit le seul club espagnol encore en lice en Ligue des champions et que son \u00e9quipe lutte pour conserver son titre de champion d&rsquo;Espagne (2e, \u00e0 trois points de l&rsquo;Atl\u00e9tico) avec une s\u00e9rie en cours de 11 matchs sans d\u00e9faite, Zidane n&rsquo;a pas droit au r\u00e9pit. La blessure du capitaine Sergio Ramos, indisponible contre Liverpool et sans doute aussi pour le clasico retour de Liga face au Bar\u00e7a samedi, les tergiversations autour de la prolongation de son contrat, et la perspective d&rsquo;une nouvelle saison vierge de tout titre (apr\u00e8s celle de 2018-2019), font fleurir les inqui\u00e9tudes au-dessus du cr\u00e2ne de \u00abZizou\u00bb. \u00abEntre Zidane et moi, je choisirais toujours Zidane. C&rsquo;\u00e9tait un meilleur joueur et c&rsquo;est aussi un meilleur entra\u00eeneur. Je n&rsquo;ai aucun probl\u00e8me \u00e0 le dire. Malheureusement, il est brillant, je le sais, et je dois m&rsquo;attendre \u00e0 ce qu&rsquo;il le soit encore\u00bb, avait r\u00e9sum\u00e9 Klopp durant la conf\u00e9rence de presse d&rsquo;avant la finale de C1 en 2018, encensant le \u00abcaract\u00e8re\u00bb de son homologue.\u00a0<br \/>Apr\u00e8s une tr\u00e8s mauvaise entame de 2021 (9 d\u00e9faites en 15 matchs toutes comp\u00e9titions confondues), Klopp a redress\u00e9 Liverpool derni\u00e8rement, avec trois succ\u00e8s de rang&#8230; mais sans sa charni\u00e8re titulaire Van Dijk &#8211; Gomez (bless\u00e9s), l&rsquo;Allemand devra encore se creuser la t\u00eate pour ne pas sombrer une nouvelle fois lors de ces retrouvailles continentales face \u00e0 \u00abZizou\u00bb.<\/p>\n<p>Auteur:<br \/>\n<a href=\"https:\/\/www.lesoirdalgerie.com\/sports\/zidane-contre-klopp-acte-ii-59139\">Cliquez ici pour lire l&rsquo;article depuis sa source.<\/a><\/p>\n","protected":false},"excerpt":{"rendered":"<p>Trois ans apr\u00e8s la finale Real Madrid-Liverpool (3-1), celle du tripl\u00e9 pour les Espagnols, Zin\u00e9dine Zidane et J\u00fcrgen Klopp se retrouvent ce soir \u00e0 Madrid en quart de finale aller de Ligue des champions pour un acte II qui sent la poudre.Cette affiche entre deux clubs qui additionnent 19 sacres europ\u00e9ens (treize pour le Real, [&hellip;]<\/p>\n","protected":false},"author":1741,"featured_media":0,"comment_status":"closed","ping_status":"closed","sticky":false,"template":"","format":"standard","meta":{"fifu_image_url":"","fifu_image_alt":"","footnotes":""},"categories":[73,53],"tags":[],"class_list":["post-114439","post","type-post","status-publish","format-standard","hentry","category-actualite","category-algerie"],"_links":{"self":[{"href":"https:\/\/linitiative.ca\/International\/wp-json\/wp\/v2\/posts\/114439","targetHints":{"allow":["GET"]}}],"collection":[{"href":"https:\/\/linitiative.ca\/International\/wp-json\/wp\/v2\/posts"}],"about":[{"href":"https:\/\/linitiative.ca\/International\/wp-json\/wp\/v2\/types\/post"}],"author":[{"embeddable":true,"href":"https:\/\/linitiative.ca\/International\/wp-json\/wp\/v2\/users\/1741"}],"replies":[{"embeddable":true,"href":"https:\/\/linitiative.ca\/International\/wp-json\/wp\/v2\/comments?post=114439"}],"version-history":[{"count":0,"href":"https:\/\/linitiative.ca\/International\/wp-json\/wp\/v2\/posts\/114439\/revisions"}],"wp:attachment":[{"href":"https:\/\/linitiative.ca\/International\/wp-json\/wp\/v2\/media?parent=114439"}],"wp:term":[{"taxonomy":"category","embeddable":true,"href":"https:\/\/linitiative.ca\/International\/wp-json\/wp\/v2\/categories?post=114439"},{"taxonomy":"post_tag","embeddable":true,"href":"https:\/\/linitiative.ca\/International\/wp-json\/wp\/v2\/tags?post=114439"}],"curies":[{"name":"wp","href":"https:\/\/api.w.org\/{rel}","templated":true}]}}