{"id":114442,"date":"2021-04-06T06:00:00","date_gmt":"2021-04-06T10:00:00","guid":{"rendered":"https:\/\/linitiative.ca\/International\/le-cachir-la-flambee-de-ldl-et-les-poils-sur-la-langue\/"},"modified":"2021-04-06T06:00:00","modified_gmt":"2021-04-06T10:00:00","slug":"le-cachir-la-flambee-de-ldl-et-les-poils-sur-la-langue","status":"publish","type":"post","link":"https:\/\/linitiative.ca\/International\/le-cachir-la-flambee-de-ldl-et-les-poils-sur-la-langue\/","title":{"rendered":"Le cachir, la flamb\u00e9e de LDL et les poils sur la langue !"},"content":{"rendered":"<p class=\"c3\">&#8211; T\u2019as vu ? Un homme vient de se jeter du balcon !<br \/>&#8211; Oui ! C\u2019est le troisi\u00e8me depuis ce matin qui met fin ainsi \u00e0 ses jours.\u00a0<br \/>&#8211; On sait qui c\u2019est ?<br \/>&#8211; Des barbouzes marocaines en charge de l\u2019interrogatoire de Sa\u00e2dani !<br \/>&#8211; ???<\/p>\n<p class=\"c3\">Les partis sont libres de participer ou non \u00e0 la prochaine l\u00e9gislative. Et je suis libre de faire mes p\u2019tits calculs et projections sur la \u00ab compo \u00bb de cette future Assembl\u00e9e. Elle sera \u00e0 tendance majoritaire cholest\u00e9rol ! Et l\u2019on pourra ainsi v\u00e9rifier les ravages de la consommation immod\u00e9r\u00e9e du cachir sur l\u2019organisme. C\u2019est utile de le savoir avant que la pand\u00e9mie de LDL ne s\u2019\u00e9tende \u00e0 tout le pays. Nous saurons au moins o\u00f9 se situe le cluster, le noyau premier de propagation des bilans lipidiques en hausse graisseuse continue. D\u2019apr\u00e8s mes calculs, toujours, elle sera aussi \u00e0 poils et \u00e0 vapeur. Pas n\u2019importe quels poils, bien \u00e9videmment. Des poils s\u00e9lectionn\u00e9s. En fonction de leur texture, de leur longueur, de leur \u00e9paisseur, de leur docilit\u00e9 au peigne, de leur capacit\u00e9 \u00e0 aller dans le sens que veut leur donner le barbier en chef. Bon ! J\u2019avoue avoir des connaissances en mati\u00e8re de cholest\u00e9rol. Par contre, je ne sais rien du domptage des poils. Le processus de pousse et de repousse, de rasage et de contours est-il totalement ma\u00eetrisable ? Aucune id\u00e9e ! J\u2019ai juste quelques notions, apprises en face de ma glace. Le poil, par essence, est rev\u00eache. Impr\u00e9visible. Surprenant dans sa pousse. Rarement droit. Plus souvent en tortillements spasmodiques. Ainsi, tu peux tenter de r\u00e9guler ton collier de barbe le matin, une fois dehors, expos\u00e9 aux quatre vents, il n\u2019est pas s\u00fbr du tout que tes poils restent sagement en bon ordre et en bonne intelligence.<br \/>Et la vapeur, dans tout \u00e7a, me direz-vous ? La vapeur a un r\u00f4le de stabilisateur, de fixateur, comme en parfumerie. Elle est ce lien r\u00e9gulateur entre le cachir et le poil. Une sorte de machinerie bien huil\u00e9e. Tellement bien huil\u00e9e qu\u2019elle s\u2019autosuffit en LDL, produit elle-m\u00eame son poison, avant de l\u2019exporter \u00e0 l\u2019ext\u00e9rieur des murs, en dehors de l\u2019Assembl\u00e9e. Ce qui me fait dire qu\u2019\u00e0 partir du 12 juin, nous ne manquerons pas de mati\u00e8re grasse ! Nous en serons m\u00eame submerg\u00e9s. Et il ne sera pas rare de croiser des gens dans la rue, les l\u00e8vres enduites de lipides, tentant d\u2019extirper avec leurs doigts boudin\u00e9s des poils englu\u00e9s sur leurs langues. Entreprise illusoire ! Essayez, vous, de vous d\u00e9barrasser de poils coll\u00e9s \u00e0 votre langue avec des doigts graisseux, tout en d\u00e9gurgitant du cachir. Autant fumer du th\u00e9 pour rester \u00e9veill\u00e9s \u00e0 ce cauchemar qui continue.<br \/><em><strong>H. L.<\/strong><\/em><\/p>\n<p>Auteur:<br \/>\n<a href=\"https:\/\/www.lesoirdalgerie.com\/pousse-avec-eux\/le-cachir-la-flambee-de-ldl-et-les-poils-sur-la-langue-59136\">Cliquez ici pour lire l&rsquo;article depuis sa source.<\/a><\/p>\n","protected":false},"excerpt":{"rendered":"<p>&#8211; T\u2019as vu ? Un homme vient de se jeter du balcon !&#8211; Oui ! C\u2019est le troisi\u00e8me depuis ce matin qui met fin ainsi \u00e0 ses jours.\u00a0&#8211; On sait qui c\u2019est ?&#8211; Des barbouzes marocaines en charge de l\u2019interrogatoire de Sa\u00e2dani !&#8211; ??? Les partis sont libres de participer ou non \u00e0 la prochaine [&hellip;]<\/p>\n","protected":false},"author":1741,"featured_media":0,"comment_status":"closed","ping_status":"closed","sticky":false,"template":"","format":"standard","meta":{"fifu_image_url":"","fifu_image_alt":"","footnotes":""},"categories":[73,53],"tags":[],"class_list":["post-114442","post","type-post","status-publish","format-standard","hentry","category-actualite","category-algerie"],"_links":{"self":[{"href":"https:\/\/linitiative.ca\/International\/wp-json\/wp\/v2\/posts\/114442","targetHints":{"allow":["GET"]}}],"collection":[{"href":"https:\/\/linitiative.ca\/International\/wp-json\/wp\/v2\/posts"}],"about":[{"href":"https:\/\/linitiative.ca\/International\/wp-json\/wp\/v2\/types\/post"}],"author":[{"embeddable":true,"href":"https:\/\/linitiative.ca\/International\/wp-json\/wp\/v2\/users\/1741"}],"replies":[{"embeddable":true,"href":"https:\/\/linitiative.ca\/International\/wp-json\/wp\/v2\/comments?post=114442"}],"version-history":[{"count":0,"href":"https:\/\/linitiative.ca\/International\/wp-json\/wp\/v2\/posts\/114442\/revisions"}],"wp:attachment":[{"href":"https:\/\/linitiative.ca\/International\/wp-json\/wp\/v2\/media?parent=114442"}],"wp:term":[{"taxonomy":"category","embeddable":true,"href":"https:\/\/linitiative.ca\/International\/wp-json\/wp\/v2\/categories?post=114442"},{"taxonomy":"post_tag","embeddable":true,"href":"https:\/\/linitiative.ca\/International\/wp-json\/wp\/v2\/tags?post=114442"}],"curies":[{"name":"wp","href":"https:\/\/api.w.org\/{rel}","templated":true}]}}