{"id":114446,"date":"2021-04-06T15:55:25","date_gmt":"2021-04-06T19:55:25","guid":{"rendered":"https:\/\/linitiative.ca\/International\/lahcen-mahraoui-le-secteur-des-energies-renouvelables-marocain-offre-dimportantes-opportunites-aux-hommes-daffaires-irlandais\/"},"modified":"2021-04-06T15:55:25","modified_gmt":"2021-04-06T19:55:25","slug":"lahcen-mahraoui-le-secteur-des-energies-renouvelables-marocain-offre-dimportantes-opportunites-aux-hommes-daffaires-irlandais","status":"publish","type":"post","link":"https:\/\/linitiative.ca\/International\/lahcen-mahraoui-le-secteur-des-energies-renouvelables-marocain-offre-dimportantes-opportunites-aux-hommes-daffaires-irlandais\/","title":{"rendered":"Lahcen Mahraoui : \u00ab Le secteur des \u00e9nergies renouvelables marocain offre d\u2019importantes opportunit\u00e9s aux hommes d\u2019affaires irlandais \u00bb"},"content":{"rendered":"<p><strong>Le Maroc et l\u2019Irlande veulent joindre leurs efforts pour d\u00e9velopper davantage de projets dans le domaine des \u00e9nergies renouvelables de part et d\u2019autre des deux rives de la M\u00e9diterran\u00e9e. Ainsi, en marge Semaine Virtuelle Maroc, qui se d\u00e9roule depuis le 29 mars 2021, Lahcen Mahraoui, Ambassadeur du Maroc en Irlande a exhort\u00e9 les op\u00e9rateurs \u00e9conomiques irlandais \u00e0 saisir les opportunit\u00e9s du secteur marocain des \u00e9nergies renouvelables<\/strong>.<\/p>\n<div class=\"c10\">\n<\/div>\n<p>Dans le cadre de la Semaine Virtuelle Maroc, qui a \u00e9t\u00e9 lanc\u00e9e le 29 mars, les discussions se sont poursuivies ce 6 avril entre officiels marocains et irlandais sur les opportunit\u00e9s \u00e0 saisir dans le secteur des \u00e9nergies renouvelables. Ainsi, plantant le d\u00e9cor du webinaire, Lahcen Mahraoui, Ambassadeur du Maroc en Irlande, a tout d\u2019abord fait observer que le Maroc, sous la conduite \u00e9clair\u00e9e de S.M le Roi, est devenu l\u2019un des pays au monde ayant montr\u00e9 un engagement ferme \u00e0 faire de l\u2019usage des \u00e9nergies renouvelables une priorit\u00e9. \u00ab\u00a0Le Maroc entend acc\u00e9l\u00e9rer l\u2019usage des \u00e9nergies renouvelables. Le Royaume est maintenant un leader dans la transition verte. Le Maroc a plac\u00e9 l\u2019efficacit\u00e9 \u00e9nerg\u00e9tique au c\u0153ur de sa strat\u00e9gie de d\u00e9veloppement\u00a0\u00bb, a soulign\u00e9 l\u2019Ambassadeur dans son allocution.<\/p>\n<p><strong>Lire aussi| <a href=\"https:\/\/www.challenge.ma\/moulay-hafid-elalamy-le-maroc-est-en-train-de-devenir-le-pays-le-plus-competitif-au-monde-dans-la-production-automobile-179862\/\">Moulay Hafid Elalamy : \u00ab Le Maroc est en train de devenir le pays le plus comp\u00e9titif au monde dans la production automobile \u00bb<\/a><\/strong><\/p>\n<p>Il a aussi pass\u00e9 en revue les efforts d\u00e9ploy\u00e9s par le Maroc ces derni\u00e8res ann\u00e9es pour mettre en place le cadre idoine pour d\u00e9veloppement du secteur des \u00e9nergies renouvelables, notamment la cr\u00e9ation d\u2019institutions et d\u2019agences sp\u00e9cialis\u00e9es telles que MASEN, IRSEN ou encore l\u2019AMEE. \u00ab\u00a0Le secteur des \u00e9nergies renouvelables offre d\u2019importantes opportunit\u00e9s aux hommes d\u2019affaires irlandais. Je les invite \u00e0 venir en prospection au Maroc et \u00e0 rencontrer les parties prenantes marocaines pour nouer des partenariats fructueux. J\u2019exhorte \u00e0 une forte coop\u00e9ration entre nos deux pays dans ce domaine pour saisir les opportunit\u00e9s qui existent\u00a0\u00bb, a aussi pr\u00e9cis\u00e9 Lahcen Mahraoui. Pour sa part, Tarik Bourquouquou, Head of International Business Development de MASEN ( Agence marocaine pour l\u2019\u00e9nergie durable) a mis en exergue le r\u00f4le cl\u00e9 de cette institution dans le domaine des \u00e9nergies renouvelables. \u00ab\u00a0Le Maroc ambitionne de porter la part des \u00e9nergies renouvelables dans son mix \u00e9nerg\u00e9tique \u00e0 52% \u00e0 l\u2019horizon 2030\u00a0\u00bb, a-t-il rappel\u00e9, ajoutant que plusieurs projets sont en cours de d\u00e9veloppement dans ce cadre. Tarik Bourquouquou a mis un accent particulier sur le r\u00f4le de la formation des ressources humaines visant \u00e0 doter le secteur des \u00e9nergies renouvelables de comp\u00e9tences ad\u00e9quates. Il a aussi rappel\u00e9 les m\u00e9gaprojets en cours de d\u00e9veloppement dans le royaume.<\/p>\n<p><strong>Lire aussi| <a href=\"https:\/\/www.challenge.ma\/the-green-future-index-2021-le-maroc-26eme-pays-le-plus-vert-au-monde-180688\/\">The Green Future Index 2021 : le Maroc, 26\u00e8me pays le plus vert au monde<\/a><\/strong><\/p>\n<p>Said Mouline, Directeur g\u00e9n\u00e9ral de l\u2019Agence Marocaine pour l\u2019efficacit\u00e9 \u00e9nerg\u00e9tique (AMEE) a, de son c\u00f4t\u00e9, pr\u00e9sent\u00e9 les chantiers sur lesquels travaille son agence pour permettre au royaume de faire l\u2019efficacit\u00e9 \u00e9nerg\u00e9tique une r\u00e9alit\u00e9 dans plusieurs secteurs de l\u2019\u00e9conomie nationale. M\u00eame son de cloche aussi du c\u00f4t\u00e9 de Badr Ikken, Directeur g\u00e9n\u00e9ral de l\u2019IRESEN (Institut de Recherche en \u00c9nergie Solaire et \u00c9nergies Nouvelles) et Vice-pr\u00e9sident de la Commission \u00c9nergies Vertes de la CGEM (Conf\u00e9d\u00e9ration g\u00e9n\u00e9rale des entreprises du Maroc), qui a aussi soulign\u00e9 les diff\u00e9rents progr\u00e8s enregistr\u00e9s par le Maroc dans ce domaine ces derni\u00e8res ann\u00e9es gr\u00e2ce aux \u00e9cosyst\u00e8mes lanc\u00e9s. Pour rappel, la Semaine Virtuelle du Maroc a pour objectif de pr\u00e9senter aux investisseurs irlandais les opportunit\u00e9s d\u2019investissement dans le Royaume, notamment dans les secteurs de l\u2019Agritech\/l\u2019Agroalimentaire, l\u2019industrie Automobile et l\u2019Aviation, la Logistique, les Energies Renouvelables et CleanTech, le Pharmaceutique\/la Sant\u00e9 Num\u00e9rique, les Services Financiers et la FinTech. Cet \u00e9v\u00e9nement virtuel est organis\u00e9 par Enterprise Ireland, l\u2019Agence gouvernementale charg\u00e9e du d\u00e9veloppement et de la croissance des entreprises irlandaises sur les march\u00e9s mondiaux, la Chambre de commerce arabo-irlandaise et l\u2019Ambassade du Royaume du Maroc en Irlande.<\/p>\n<p>Auteur: challenge<br \/>\n<a href=\"https:\/\/www.challenge.ma\/lahcen-mahraoui-le-secteur-des-energies-renouvelables-marocain-offre-dimportantes-opportunites-aux-hommes-daffaires-irlandais-180760\/\">Cliquez ici pour lire l&rsquo;article depuis sa source.<\/a><\/p>\n","protected":false},"excerpt":{"rendered":"<p>Le Maroc et l\u2019Irlande veulent joindre leurs efforts pour d\u00e9velopper davantage de projets dans le domaine des \u00e9nergies renouvelables de part et d\u2019autre des deux rives de la M\u00e9diterran\u00e9e. Ainsi, en marge Semaine Virtuelle Maroc, qui se d\u00e9roule depuis le 29 mars 2021, Lahcen Mahraoui, Ambassadeur du Maroc en Irlande a exhort\u00e9 les op\u00e9rateurs \u00e9conomiques [&hellip;]<\/p>\n","protected":false},"author":1787,"featured_media":0,"comment_status":"closed","ping_status":"closed","sticky":false,"template":"","format":"standard","meta":{"fifu_image_url":"","fifu_image_alt":"","footnotes":""},"categories":[78,54],"tags":[],"class_list":["post-114446","post","type-post","status-publish","format-standard","hentry","category-economie","category-maroc"],"_links":{"self":[{"href":"https:\/\/linitiative.ca\/International\/wp-json\/wp\/v2\/posts\/114446","targetHints":{"allow":["GET"]}}],"collection":[{"href":"https:\/\/linitiative.ca\/International\/wp-json\/wp\/v2\/posts"}],"about":[{"href":"https:\/\/linitiative.ca\/International\/wp-json\/wp\/v2\/types\/post"}],"author":[{"embeddable":true,"href":"https:\/\/linitiative.ca\/International\/wp-json\/wp\/v2\/users\/1787"}],"replies":[{"embeddable":true,"href":"https:\/\/linitiative.ca\/International\/wp-json\/wp\/v2\/comments?post=114446"}],"version-history":[{"count":0,"href":"https:\/\/linitiative.ca\/International\/wp-json\/wp\/v2\/posts\/114446\/revisions"}],"wp:attachment":[{"href":"https:\/\/linitiative.ca\/International\/wp-json\/wp\/v2\/media?parent=114446"}],"wp:term":[{"taxonomy":"category","embeddable":true,"href":"https:\/\/linitiative.ca\/International\/wp-json\/wp\/v2\/categories?post=114446"},{"taxonomy":"post_tag","embeddable":true,"href":"https:\/\/linitiative.ca\/International\/wp-json\/wp\/v2\/tags?post=114446"}],"curies":[{"name":"wp","href":"https:\/\/api.w.org\/{rel}","templated":true}]}}