{"id":114447,"date":"2021-04-06T16:33:05","date_gmt":"2021-04-06T20:33:05","guid":{"rendered":"https:\/\/linitiative.ca\/International\/car-of-the-year-morocco-2021-le-ford-kuga-sadjuge-le-titre\/"},"modified":"2021-04-06T16:33:05","modified_gmt":"2021-04-06T20:33:05","slug":"car-of-the-year-morocco-2021-le-ford-kuga-sadjuge-le-titre","status":"publish","type":"post","link":"https:\/\/linitiative.ca\/International\/car-of-the-year-morocco-2021-le-ford-kuga-sadjuge-le-titre\/","title":{"rendered":"Car Of The Year Morocco 2021 : le Ford Kuga s\u2019adjuge le titre"},"content":{"rendered":"<p><strong>L\u2019\u00e9lection du \u00ab<\/strong><strong>Car Of The Year (COTY) Morocco 2021\u00bb a connu son \u00e9pilogue. Pour cette 2<sup>\u00e8me<\/sup> \u00e9dition de l\u2019\u00e9v\u00e9nement, c\u2019est le Ford Kuga qui a rafl\u00e9 la mise.<\/strong><\/p>\n<div class=\"c10\">\n<\/div>\n<p>C\u2019est en pr\u00e9sence des op\u00e9rateurs automobiles, du jury ayant particip\u00e9 \u00e0 cette \u00e9lection, des partenaires ayant soutenu l\u2019\u00e9v\u00e9nement, mais \u00e9galement du public, ou plus exactement des internautes qui ont pu suivre cette c\u00e9r\u00e9monie en direct via les r\u00e9seaux sociaux, compte tenu des mesures sanitaires \u00e0 respecter en raison de la pand\u00e9mie, que le gagnant de cette deuxi\u00e8me \u00e9dition du COTY a \u00e9t\u00e9 r\u00e9v\u00e9l\u00e9.<\/p>\n<p><strong>Lire aussi | <a href=\"https:\/\/www.challenge.ma\/the-green-future-index-2021-le-maroc-26eme-pays-le-plus-vert-au-monde-180688\/\">The Green Future Index 2021 : le Maroc, 26\u00e8me pays le plus vert au monde<\/a><\/strong><\/p>\n<p>Et c\u2019est le Ford Kuga, un SUV familial, qui s\u2019est adjug\u00e9 le titre face \u00e0 de s\u00e9rieux pr\u00e9tendants au rang desquels l\u2019Audi Q3 Sportback, le Kia Niro, le Mercedes GLA, le Peugeot 2008, la Renault Clio 5 et le Renault Captur.<\/p>\n<figure class=\"wp-block-image size-large\"><img decoding=\"async\" loading=\"lazy\" width=\"768\" height=\"511\" src=\"https:\/\/www.challenge.ma\/wp-content\/uploads\/2021\/04\/26c16ab8-315b-48ef-9979-43c5e913a5c9-768-x-511.jpg\" alt=\"\" class=\"wp-image-180768\" srcset=\"https:\/\/www.challenge.ma\/wp-content\/uploads\/2021\/04\/26c16ab8-315b-48ef-9979-43c5e913a5c9-768-x-511.jpg 768w, https:\/\/www.challenge.ma\/wp-content\/uploads\/2021\/04\/26c16ab8-315b-48ef-9979-43c5e913a5c9-768-x-511-300x200.jpg 300w, https:\/\/www.challenge.ma\/wp-content\/uploads\/2021\/04\/26c16ab8-315b-48ef-9979-43c5e913a5c9-768-x-511-360x240.jpg 360w, https:\/\/www.challenge.ma\/wp-content\/uploads\/2021\/04\/26c16ab8-315b-48ef-9979-43c5e913a5c9-768-x-511-750x499.jpg 750w\" sizes=\"auto, (max-width: 768px) 100vw, 768px\"\/><figcaption>Le staff de l\u2019AIVAM, les importateurs automobiles, les partenaires de l\u2019\u00e9v\u00e9nement et le jury du COTY ayant pris part \u00e0 cette 2\u00e8me \u00e9dition de l\u2019\u00e9v\u00e9nement.<\/figcaption><\/figure>\n<p>Une 2<sup>\u00e8me<\/sup> \u00e9dition du COTY qui a tenu toutes ses promesses. A cet effet, Adil Bennani, Pr\u00e9sident de l\u2019Association des importateurs de v\u00e9hicules au Maroc (Aivam) n\u2019a pas manqu\u00e9 de souligner au cours cette c\u00e9r\u00e9monie l\u2019engagement des partenaires et autres sponsors soucieux de contribuer \u00e0 la r\u00e9ussite de ce COTY, mais aussi l\u2019ensemble des importateurs automobiles qui ont jou\u00e9 pleinement le jeu.<\/p>\n<p><strong>Lire aussi | <a href=\"https:\/\/www.challenge.ma\/entrepreneurs-marocains-a-letranger-la-cgem-et-le-ccme-sallient-180733\/\">Entrepreneurs marocains \u00e0 l\u2019\u00e9tranger : la CGEM et le CCME s\u2019allient<\/a><\/strong><\/p>\n<p>M. Bennani qui a profit\u00e9 \u00e9galement pour souligner l\u2019implication des membres du jury qui ont eu \u00e0 c\u0153ur de contribuer \u00e0 la r\u00e9ussite de cet \u00e9v\u00e9nement. Il a par ailleurs salu\u00e9 le staff et les partenaires de l\u2019Aivam qui ont organis\u00e9 de belle mani\u00e8re cette derni\u00e8re \u00e9dition du COTY.<\/p>\n<p>Auteur: David J\u00e9r\u00e9mie<br \/>\n<a href=\"https:\/\/www.challenge.ma\/car-of-the-year-morocco-2021-le-ford-kuga-sadjuge-le-titre-180765\/\">Cliquez ici pour lire l&rsquo;article depuis sa source.<\/a><\/p>\n","protected":false},"excerpt":{"rendered":"<p>L\u2019\u00e9lection du \u00abCar Of The Year (COTY) Morocco 2021\u00bb a connu son \u00e9pilogue. Pour cette 2\u00e8me \u00e9dition de l\u2019\u00e9v\u00e9nement, c\u2019est le Ford Kuga qui a rafl\u00e9 la mise. C\u2019est en pr\u00e9sence des op\u00e9rateurs automobiles, du jury ayant particip\u00e9 \u00e0 cette \u00e9lection, des partenaires ayant soutenu l\u2019\u00e9v\u00e9nement, mais \u00e9galement du public, ou plus exactement des internautes [&hellip;]<\/p>\n","protected":false},"author":1787,"featured_media":0,"comment_status":"closed","ping_status":"closed","sticky":false,"template":"","format":"standard","meta":{"fifu_image_url":"https:\/\/www.challenge.ma\/wp-content\/uploads\/2021\/04\/26c16ab8-315b-48ef-9979-43c5e913a5c9-768-x-511.jpg","fifu_image_alt":"Car Of The Year Morocco 2021 : le Ford Kuga s\u2019adjuge le titre","footnotes":""},"categories":[78,54],"tags":[],"class_list":["post-114447","post","type-post","status-publish","format-standard","hentry","category-economie","category-maroc"],"_links":{"self":[{"href":"https:\/\/linitiative.ca\/International\/wp-json\/wp\/v2\/posts\/114447","targetHints":{"allow":["GET"]}}],"collection":[{"href":"https:\/\/linitiative.ca\/International\/wp-json\/wp\/v2\/posts"}],"about":[{"href":"https:\/\/linitiative.ca\/International\/wp-json\/wp\/v2\/types\/post"}],"author":[{"embeddable":true,"href":"https:\/\/linitiative.ca\/International\/wp-json\/wp\/v2\/users\/1787"}],"replies":[{"embeddable":true,"href":"https:\/\/linitiative.ca\/International\/wp-json\/wp\/v2\/comments?post=114447"}],"version-history":[{"count":0,"href":"https:\/\/linitiative.ca\/International\/wp-json\/wp\/v2\/posts\/114447\/revisions"}],"wp:attachment":[{"href":"https:\/\/linitiative.ca\/International\/wp-json\/wp\/v2\/media?parent=114447"}],"wp:term":[{"taxonomy":"category","embeddable":true,"href":"https:\/\/linitiative.ca\/International\/wp-json\/wp\/v2\/categories?post=114447"},{"taxonomy":"post_tag","embeddable":true,"href":"https:\/\/linitiative.ca\/International\/wp-json\/wp\/v2\/tags?post=114447"}],"curies":[{"name":"wp","href":"https:\/\/api.w.org\/{rel}","templated":true}]}}