{"id":114448,"date":"2021-04-06T16:04:09","date_gmt":"2021-04-06T20:04:09","guid":{"rendered":"https:\/\/linitiative.ca\/International\/tunisie-quand-le-ministre-du-commerce-donne-limpression-de-se-ranger-du-cote-des-lobbys-pour-affamer-les-tunisiens\/"},"modified":"2021-04-06T16:04:09","modified_gmt":"2021-04-06T20:04:09","slug":"tunisie-quand-le-ministre-du-commerce-donne-limpression-de-se-ranger-du-cote-des-lobbys-pour-affamer-les-tunisiens","status":"publish","type":"post","link":"https:\/\/linitiative.ca\/International\/tunisie-quand-le-ministre-du-commerce-donne-limpression-de-se-ranger-du-cote-des-lobbys-pour-affamer-les-tunisiens\/","title":{"rendered":"Tunisie \u2013 Quand le ministre du commerce donne l\u2019impression de se ranger du c\u00f4t\u00e9 des lobbys pour affamer les tunisiens"},"content":{"rendered":"<div class=\"post-cont-in left relative\">\n<div id=\"post-info-wrap\" class=\"left relative post-info-out\">\n<div class=\"post-info-img left relative\"><img decoding=\"async\" alt=\"\" src=\"https:\/\/secure.gravatar.com\/avatar\/96253f4a657b482a18e837c1252096c2?s=50&amp;d=mm&amp;r=g\" srcset=\"https:\/\/secure.gravatar.com\/avatar\/96253f4a657b482a18e837c1252096c2?s=100&amp;d=mm&amp;r=g 2x\" class=\"avatar avatar-50 photo\" height=\"50\" width=\"50\" loading=\"lazy\"\/><\/div>\n<div class=\"post-info-in\">\n<div class=\"post-info-right left relative post-info-name left relative\"><span><span class=\"post-info-text\">Par<\/span> <span class=\"author-name vcard fn author\"><a href=\"https:\/\/www.tunisienumerique.com\/author\/saber\/\" title=\"Articles par Saber .\" rel=\"author\">Saber .<\/a><\/span><\/span> <span class=\"post-date updated\"><time class=\"post-date updated\" datetime=\"2021-04-06\">\u00a0| Il y a 1 heure<\/time><\/span><br \/>\n<meta itemprop=\"dateModified\" content=\"2021-04-06\"\/><\/div>\n<div class=\"left relative\"><button id=\"listenButton1\" class=\"responsivevoice-button\" type=\"button\" value=\"Play\" title=\"\u00c9coutez l'article\"><span>\ud83d\udd0a \u00c9coutez l&rsquo;article<\/span><\/button>\n<\/div>\n<\/div>\n<\/div>\n<p>Le ministre du commerce vit sur autre plan\u00e8te que \u00e7\u00e0 ne serait pas \u00e9tonnant\u00a0! Sur une autre plan\u00e8te, peut-\u00eatre pas, mais, ce qui est s\u00fbr c\u2019est qu\u2019il ne vit pas en Tunisie, du moins, avec les tunisiens, et leurs probl\u00e8mes sont compl\u00e8tements \u00e9trangers \u00e0 ses soucis.<\/p>\n<div class=\"code-block code-block-1 c4\">\n <ins class=\"adsbygoogle c3\" data-ad-layout=\"in-article\" data-ad-format=\"fluid\" data-ad-client=\"ca-pub-2102118777505746\" data-ad-slot=\"7301775417\"\/>\n<\/div>\n<p>Est-ce que le ministre du commerce ignore tout de ce qui se passe en Tunisie\u00a0? Est-ce qu\u2019il n\u2019a pas id\u00e9e sur les prix op\u00e9r\u00e9s dans les commerces\u00a0? Ou ignore-t-il tout du pouvoir d\u2019achat de ses concitoyens\u00a0? Cela serait \u00e9tonnant\u00a0!<\/p>\n<p>Pourtant c\u2019est ce qu\u2019on aurait pu comprendre \u00e0 travers son discours tenu hier \u00e0 l\u2019issue d\u2019une r\u00e9union concernant le contr\u00f4le des prix et la pr\u00e9paration du mois de Ramadan. On \u00e9tait sid\u00e9r\u00e9 d\u2019entendre le ministre du commerce, de la Tunisie, d\u00e9clarer que les denr\u00e9es alimentaires \u00e9taient disponibles en grande abondance, \u00e0 des prix tr\u00e8s abordables, et que, de ce fait, il ne va pas recourir \u00e0 l\u2019importation !<\/p>\n<p>Or, s\u2019il est vrai que les produits sont disponibles sur le march\u00e9 en quantit\u00e9 suffisante, il est compl\u00e8tement faux de pr\u00e9tendre que leurs prix sont abordables. On dirait que le ministre du commerce ne fait jamais son march\u00e9 et ne connait ni les prix, ni le budget du tunisien moyen, pur ne pas parler des plus d\u00e9munis. Ce qui reste, tr\u00e8s peu plausible. Et puis le ministre semble ignorer que l\u2019importation de certains produits a, depuis toujours, \u00e9t\u00e9 le seul moyen de freiner la fr\u00e9n\u00e9sie des prix et la voracit\u00e9 des producteurs tunisiens.<\/p>\n<p>Donc, le fait de pr\u00e9tendre que les prix sont abordables rel\u00e8ve de la pure hypocrisie politique, et ne pourrait, en aucun cas, \u00eatre le fruit d\u2019une ignorance de la r\u00e9alit\u00e9 du march\u00e9. Et, par ailleurs, le fait de d\u00e9cider de stopper toutes les importations ne pourrait qu\u2019\u00eatre interpr\u00e9t\u00e9 comme une forme de soumission du ministre aux lobbys des producteurs locaux \u00e0 la voracit\u00e9 qui est devenue sans limites, depuis que l\u2019UTAP a \u00e9t\u00e9 contr\u00f4l\u00e9e par un certain parti qui ne nourrit aucun sentiment, et surtout pas de la piti\u00e9 pour le tunisien qu\u2019il prend pour la poule aux \u0153ufs d\u2019or, et qu\u2019il ne r\u00eave que de d\u00e9valiser.<\/p>\n<p>Ce ministre ignore-t-il l\u2019histoire, et n\u2019envisage-t-il pas, devoir, un jour, rendre des comptes \u00e0 ces tunisiens entour\u00e9s par les vautours ?<\/p>\n<div class=\"swp_social_panel swp_horizontal_panel swp_flat_fresh swp_default_full_color swp_individual_full_color swp_other_full_color scale-100 scale-\" data-min-width=\"1100\" data-float-color=\"#ffffff\" data-float=\"bottom\" data-float-mobile=\"bottom\" data-transition=\"slide\">\n<div class=\"nc_tweetContainer swp_share_button total_shares total_sharesalt\"><span class=\"swp_count\">12 <span class=\"swp_label\">Partages<\/span><\/span><\/div>\n<\/div>\n<p><strong>Que se passe-t-il en Tunisie?<\/strong><br \/>Nous expliquons sur notre <a href=\"https:\/\/www.youtube.com\/channel\/UCRzypVq0B_yBad5eGrwBx0Q?sub_confirmation=1\" target=\"_blank\" rel=\"noopener\">cha\u00eene YouTube<\/a> . <a href=\"https:\/\/www.youtube.com\/channel\/UCRzypVq0B_yBad5eGrwBx0Q?sub_confirmation=1\" target=\"_blank\" rel=\"noopener\">Abonnez-vous!<\/a><\/p>\n<div class=\"mvp-org-wrap\" itemprop=\"publisher\">\n<div class=\"mvp-org-logo\" itemprop=\"logo\"><img decoding=\"async\" src=\"https:\/\/www.tunisienumerique.com\/wp-content\/uploads\/2017\/02\/logo_tunisie_numerique.png\"\/><br \/>\n<meta itemprop=\"url\" content=\"https:\/\/www.tunisienumerique.com\/wp-content\/uploads\/2017\/02\/logo_tunisie_numerique.png\"\/><\/div>\n<p><meta content=\"Tunisie\"\/><\/div>\n<div class=\"mvp-related-posts left relative\">\n<h4 class=\"post-header\"><span class=\"post-header\">Lire aussi<\/span><\/h4>\n<\/div>\n<div id=\"article-ad\">\n <ins class=\"adsbygoogle c5\" data-ad-client=\"ca-pub-2102118777505746\" data-ad-slot=\"6513972734\" data-ad-format=\"auto\" data-full-width-responsive=\"true\"\/>\n<\/div>\n<\/div>\n<div id=\"post-sidebar-wrap\">\n <ins class=\"adsbygoogle c5\" data-ad-client=\"ca-pub-2102118777505746\" data-ad-slot=\"6168283410\" data-ad-format=\"auto\" data-full-width-responsive=\"true\"\/>\n<\/div>\n<p>Auteur: Saber .<br \/>\n<a href=\"https:\/\/www.tunisienumerique.com\/tunisie-quand-le-ministre-du-commerce-donne-limpression-de-se-ranger-du-cote-des-lobbys-pour-affamer-les-tunisiens\/\">Cliquez ici pour lire l&rsquo;article depuis sa source.<\/a><\/p>\n","protected":false},"excerpt":{"rendered":"<p>Par Saber . \u00a0| Il y a 1 heure \ud83d\udd0a \u00c9coutez l&rsquo;article Le ministre du commerce vit sur autre plan\u00e8te que \u00e7\u00e0 ne serait pas \u00e9tonnant\u00a0! Sur une autre plan\u00e8te, peut-\u00eatre pas, mais, ce qui est s\u00fbr c\u2019est qu\u2019il ne vit pas en Tunisie, du moins, avec les tunisiens, et leurs probl\u00e8mes sont compl\u00e8tements \u00e9trangers [&hellip;]<\/p>\n","protected":false},"author":1789,"featured_media":0,"comment_status":"closed","ping_status":"closed","sticky":false,"template":"","format":"standard","meta":{"fifu_image_url":"https:\/\/secure.gravatar.com\/avatar\/96253f4a657b482a18e837c1252096c2?s=50&d=mm&r=g","fifu_image_alt":"Tunisie \u2013 Quand le ministre du commerce donne l\u2019impression de se ranger du c\u00f4t\u00e9 des lobbys pour affamer les tunisiens","footnotes":""},"categories":[73,55],"tags":[],"class_list":["post-114448","post","type-post","status-publish","format-standard","hentry","category-actualite","category-tunisie"],"_links":{"self":[{"href":"https:\/\/linitiative.ca\/International\/wp-json\/wp\/v2\/posts\/114448","targetHints":{"allow":["GET"]}}],"collection":[{"href":"https:\/\/linitiative.ca\/International\/wp-json\/wp\/v2\/posts"}],"about":[{"href":"https:\/\/linitiative.ca\/International\/wp-json\/wp\/v2\/types\/post"}],"author":[{"embeddable":true,"href":"https:\/\/linitiative.ca\/International\/wp-json\/wp\/v2\/users\/1789"}],"replies":[{"embeddable":true,"href":"https:\/\/linitiative.ca\/International\/wp-json\/wp\/v2\/comments?post=114448"}],"version-history":[{"count":0,"href":"https:\/\/linitiative.ca\/International\/wp-json\/wp\/v2\/posts\/114448\/revisions"}],"wp:attachment":[{"href":"https:\/\/linitiative.ca\/International\/wp-json\/wp\/v2\/media?parent=114448"}],"wp:term":[{"taxonomy":"category","embeddable":true,"href":"https:\/\/linitiative.ca\/International\/wp-json\/wp\/v2\/categories?post=114448"},{"taxonomy":"post_tag","embeddable":true,"href":"https:\/\/linitiative.ca\/International\/wp-json\/wp\/v2\/tags?post=114448"}],"curies":[{"name":"wp","href":"https:\/\/api.w.org\/{rel}","templated":true}]}}