{"id":114455,"date":"2021-04-06T17:29:02","date_gmt":"2021-04-06T21:29:02","guid":{"rendered":"https:\/\/linitiative.ca\/International\/mecanisation-agricole-des-drones-et-du-materiel-roulant-pour-consolider-la-resilience\/"},"modified":"2021-04-06T17:29:02","modified_gmt":"2021-04-06T21:29:02","slug":"mecanisation-agricole-des-drones-et-du-materiel-roulant-pour-consolider-la-resilience","status":"publish","type":"post","link":"https:\/\/linitiative.ca\/International\/mecanisation-agricole-des-drones-et-du-materiel-roulant-pour-consolider-la-resilience\/","title":{"rendered":"M\u00e9canisation agricole : des drones et du mat\u00e9riel roulant  pour consolider la r\u00e9silience"},"content":{"rendered":"<div class=\"td-post-featured-image\"><a href=\"https:\/\/www.sidwaya.info\/wp-content\/uploads\/2021\/04\/1-10.jpg\" data-caption=\"\"><img loading=\"lazy\" decoding=\"async\" width=\"595\" height=\"397\" class=\"entry-thumb td-modal-image\" src=\"https:\/\/www.sidwaya.info\/wp-content\/uploads\/2021\/04\/1-10.jpg\" srcset=\"https:\/\/www.sidwaya.info\/wp-content\/uploads\/2021\/04\/1-10.jpg 595w, https:\/\/www.sidwaya.info\/wp-content\/uploads\/2021\/04\/1-10-300x200.jpg 300w, https:\/\/www.sidwaya.info\/wp-content\/uploads\/2021\/04\/1-10-150x100.jpg 150w\" sizes=\"auto, (max-width: 595px) 100vw, 595px\" alt=\"\" title=\"1\"\/><\/a><\/div>\n<p><strong>Le Programme alimentaire mondial (PAM) a remis, le mercredi 31 mars 2021 \u00e0 Ouagadougou, 19 motos, 4 v\u00e9hicules de type pick-up et 4 drones au minist\u00e8re en charge de l\u2019agriculture.<\/strong><\/p>\n<p>Le Programme alimentaire mondial (PAM) r\u00e9affirme sa d\u00e9termination \u00e0 soutenir le gouvernement burkinab\u00e8 dans sa qu\u00eate d\u2019une r\u00e9silience s\u00fbre pour les populations vuln\u00e9rables. Dans son panier d\u2019aides aux efforts de l\u2019ex\u00e9cutif en mati\u00e8re d\u2019agriculture, le PAM a fait don de 19 engins \u00e0 deux roues, quatre v\u00e9hicules 4X4 de type pickup et quatre drones, le tout d\u2019une valeur mon\u00e9taire estim\u00e9e \u00e0 plus de 90 millions francs CFA. Le don a \u00e9t\u00e9 r\u00e9ceptionn\u00e9, le mercredi 31 mars 2021, \u00e0 Ouagadougou par le ministre de l\u2019Agriculture, des Am\u00e9nagements hydro-agricoles et de la M\u00e9canisation, Salifou Ou\u00e9draogo.<\/p>\n<p>Pour celui-ci, c\u2019est un geste qui va beaucoup soulager les agents sur le terrain. Il a rassur\u00e9 que le mat\u00e9riel ira renforcer les capacit\u00e9s de mobilit\u00e9 et d\u2019intervention op\u00e9rationnelle des services d\u00e9concentr\u00e9s du minist\u00e8re. Ainsi, les directions r\u00e9gionales d\u2019agriculture des r\u00e9gions du Nord, du Centre-Nord, de l\u2019Est et du Sahel sont celles qui b\u00e9n\u00e9ficieront cette fois-ci du don. Evoquant la bonne collaboration de son d\u00e9partement d\u2019avec le PAM, le ministre Ou\u00e9draogo a indiqu\u00e9 que la mise en \u0153uvre de plusieurs projets et programmes a \u00e9t\u00e9 possible gr\u00e2ce \u00e0 l\u2019accompagnement continu de l\u2019organisme mondial. \u00ab\u00a0Le PAM a \u00e9galement appuy\u00e9 le financement de la mise \u00e0 jour de la situation de r\u00e9f\u00e9rence des terres d\u00e9grad\u00e9es en 2020. Il est aussi engag\u00e9 dans la r\u00e9alisation de mod\u00e8les d\u2019exploitations agricoles r\u00e9silientes promus par mon d\u00e9partement\u00a0\u00bb, a reconnu le ministre. Et d\u2019ajouter que d\u2019autres actions futures du PAM au profit du minist\u00e8re en charge de l\u2019agriculture portent sur l\u2019acquisition d\u2019une station topographique, d\u2019un kit d\u2019essai de pompage et de soufflage ainsi que du mat\u00e9riel informatique. \u00ab Le Burkina Faso b\u00e9n\u00e9ficie du PAM d\u2019un appui strat\u00e9gique pour l\u2019atteinte de la s\u00e9curit\u00e9 alimentaire et nutritionnelle, le renforcement des capacit\u00e9s de r\u00e9silience et des moyens d\u2019existence des populations vuln\u00e9rables\u00a0\u00bb, a soulign\u00e9 Salifou Ou\u00e9draogo.<\/p>\n<p>Selon le repr\u00e9sentant r\u00e9sident du PAM au Burkina Faso, Antoine Renard, sa structure entretient de bonnes relations avec le gouvernement burkinab\u00e8 d\u2019o\u00f9 l\u2019accompagnement strat\u00e9gique en mati\u00e8re de d\u00e9veloppement local durable. Faisant le tour de quelques interventions du programme au pays des Hommes int\u00e8gres, M. Renard a indiqu\u00e9, entre autres, l\u2019enseignement de la technique du \u00ab\u00a0za\u00ef \u00bb, la r\u00e9alisation de \u00ab\u00a0demi-lune\u00a0\u00bb, de \u00ab\u00a0boulis\u00a0\u00bb, \u00ab\u00a0de puits\u00a0\u00bb, (\u2026) au profit de plus de 40 000 petits producteurs des r\u00e9gions \u00e0 faible pluviom\u00e9trie. Entre renforcements de capacit\u00e9s, formations aux techniques agraires \u00e0 l\u2019endroit des groupements de paysans, ainsi que l\u2019enseignement des techniques de stockages des r\u00e9coltes, le PAM reconnait avoir vol\u00e9 au secours de plus de 200 mille personnes rurales. \u00ab\u00a0Notre priorit\u00e9 est de participer \u00e0 la concr\u00e9tisation de la vision gouvernementale consistant \u00e0 \u0153uvrer \u00e0 la s\u00e9curit\u00e9 alimentaire et nutritionnelle des populations, tout en\u00a0faisant des secteurs productifs, les leviers de la transformation de l\u2019\u00e9conomie nationale\u00a0\u00bb, a expliqu\u00e9 le patron national du PAM.<\/p>\n<p class=\"c1\"><strong>Wanl\u00e9 G\u00e9rard COULIBALY<\/strong><\/p>\n<div class=\"td-a-rec td-a-rec-id-content_bottom tdi_33_b59 td_block_template_1\">\n<p><img loading=\"lazy\" decoding=\"async\" class=\"aligncenter size-full wp-image-27454\" src=\"https:\/\/www.sidwaya.info\/wp-content\/uploads\/2020\/10\/PUB-Bandeau-paiement-mobile-siteweb.jpg\" alt=\"\" width=\"728\" height=\"90\"\/><\/div>\n<p>Auteur: BM. Sidwaya<br \/>\n<a href=\"https:\/\/www.sidwaya.info\/blog\/2021\/04\/06\/mecanisation-agricole-des-drones-et-du-materiel-roulant-pour-consolider-la-resilience\/\">Cliquez ici pour lire l&rsquo;article depuis sa source.<\/a><\/p>\n","protected":false},"excerpt":{"rendered":"<p>Le Programme alimentaire mondial (PAM) a remis, le mercredi 31 mars 2021 \u00e0 Ouagadougou, 19 motos, 4 v\u00e9hicules de type pick-up et 4 drones au minist\u00e8re en charge de l\u2019agriculture. Le Programme alimentaire mondial (PAM) r\u00e9affirme sa d\u00e9termination \u00e0 soutenir le gouvernement burkinab\u00e8 dans sa qu\u00eate d\u2019une r\u00e9silience s\u00fbre pour les populations vuln\u00e9rables. Dans son [&hellip;]<\/p>\n","protected":false},"author":1816,"featured_media":0,"comment_status":"closed","ping_status":"closed","sticky":false,"template":"","format":"standard","meta":{"fifu_image_url":"https:\/\/www.sidwaya.info\/wp-content\/uploads\/2021\/04\/1-10.jpg","fifu_image_alt":"M\u00e9canisation agricole : des drones et du mat\u00e9riel roulant  pour consolider la r\u00e9silience","footnotes":""},"categories":[73,81],"tags":[],"class_list":["post-114455","post","type-post","status-publish","format-standard","hentry","category-actualite","category-burkina-faso"],"_links":{"self":[{"href":"https:\/\/linitiative.ca\/International\/wp-json\/wp\/v2\/posts\/114455","targetHints":{"allow":["GET"]}}],"collection":[{"href":"https:\/\/linitiative.ca\/International\/wp-json\/wp\/v2\/posts"}],"about":[{"href":"https:\/\/linitiative.ca\/International\/wp-json\/wp\/v2\/types\/post"}],"author":[{"embeddable":true,"href":"https:\/\/linitiative.ca\/International\/wp-json\/wp\/v2\/users\/1816"}],"replies":[{"embeddable":true,"href":"https:\/\/linitiative.ca\/International\/wp-json\/wp\/v2\/comments?post=114455"}],"version-history":[{"count":0,"href":"https:\/\/linitiative.ca\/International\/wp-json\/wp\/v2\/posts\/114455\/revisions"}],"wp:attachment":[{"href":"https:\/\/linitiative.ca\/International\/wp-json\/wp\/v2\/media?parent=114455"}],"wp:term":[{"taxonomy":"category","embeddable":true,"href":"https:\/\/linitiative.ca\/International\/wp-json\/wp\/v2\/categories?post=114455"},{"taxonomy":"post_tag","embeddable":true,"href":"https:\/\/linitiative.ca\/International\/wp-json\/wp\/v2\/tags?post=114455"}],"curies":[{"name":"wp","href":"https:\/\/api.w.org\/{rel}","templated":true}]}}