{"id":114456,"date":"2021-04-06T17:32:39","date_gmt":"2021-04-06T21:32:39","guid":{"rendered":"https:\/\/linitiative.ca\/International\/les-ennuis-de-patrice-talon\/"},"modified":"2021-04-06T17:32:39","modified_gmt":"2021-04-06T21:32:39","slug":"les-ennuis-de-patrice-talon","status":"publish","type":"post","link":"https:\/\/linitiative.ca\/International\/les-ennuis-de-patrice-talon\/","title":{"rendered":"Les ennuis de Patrice Talon"},"content":{"rendered":"<div class=\"td-post-featured-image\"><a href=\"https:\/\/www.sidwaya.info\/wp-content\/uploads\/2021\/03\/mercure24.jpg\" data-caption=\"\"><img loading=\"lazy\" decoding=\"async\" width=\"590\" height=\"219\" class=\"entry-thumb td-modal-image\" src=\"https:\/\/www.sidwaya.info\/wp-content\/uploads\/2021\/03\/mercure24.jpg\" srcset=\"https:\/\/www.sidwaya.info\/wp-content\/uploads\/2021\/03\/mercure24.jpg 590w, https:\/\/www.sidwaya.info\/wp-content\/uploads\/2021\/03\/mercure24-300x111.jpg 300w, https:\/\/www.sidwaya.info\/wp-content\/uploads\/2021\/03\/mercure24-150x56.jpg 150w\" sizes=\"auto, (max-width: 590px) 100vw, 590px\" alt=\"\" title=\"mercure24\"\/><\/a><\/div>\n<p>La journ\u00e9e d\u2019hier n\u2019a pas \u00e9t\u00e9 un fleuve tranquille dans certaines villes du B\u00e9nin. Les populations de plusieurs localit\u00e9s du pays dont Cotonou, Tchaourou (ville d\u2019origine de l\u2019ancien pr\u00e9sident Boni Yayi) et Parakou ont \u00e9t\u00e9 troubl\u00e9es dans leur sommeil par des manifestants qui r\u00e9clament \u00e0 cor et \u00e0 cris le d\u00e9part du pr\u00e9sident b\u00e9ninois, Patrice Talon. Les protestataires ont r\u00e9pondu \u00e0 l\u2019appel des organisations de la soci\u00e9t\u00e9 civile et d\u2019une partie de la classe politique dont les principaux leaders vivent en exil. En effet, consid\u00e9rant que le premier mandat du chef de l\u2019Etat a pris fin le mardi 6 avril 2021, les frondeurs, estiment que M. Talon se trouverait dans un vide juridique. Ayant pr\u00eat\u00e9 serment le 6 avril 2016 \u00e0 l\u2019occasion de son premier quinquennat, il serait par cons\u00e9quent disqualifi\u00e9 pour conduire les destin\u00e9es de la nation. Un argument r\u00e9fut\u00e9 par le camp pr\u00e9sidentiel qui \u00e9voque la modification de la Constitution en novembre 2019. Cette r\u00e9forme, selon les inconditionnels de Talon, a chang\u00e9 les dates traditionnelles du calendrier \u00e9lectoral concernant l\u2019\u00e9lection pr\u00e9sidentielle et l\u2019entr\u00e9e en fonction du pr\u00e9sident \u00e9lu. Les nouvelles dates fixent l\u2019\u00e9lection pr\u00e9sidentielle au 11 avril et la prestation de serment du pr\u00e9sident \u00e9lu dans la quatri\u00e8me semaine du mois de mai. Cette rallonge de pr\u00e8s d\u2019un mois et demi de jours par rapport au calendrier de l\u2019ancienne Constitution est la v\u00e9ritable pomme de discorde en plus de la \u00ab\u00a0man\u0153uvre\u00a0\u00bb des t\u00e9nors du pouvoir d\u2019\u00e9carter les opposants s\u00e9rieux \u00e0 briguer la magistrature supr\u00eame.<\/p>\n<p>Jo\u00ebl Aivo, constitutionnaliste et candidat de l\u2019opposition recal\u00e9 ne cache pas son inqui\u00e9tude sur les vell\u00e9it\u00e9s du pr\u00e9sident Patrice Talon \u00e0 s\u2019\u00e9terniser au pouvoir. \u00ab Celui qui s\u2019accorde quelques jours, peut s\u2019accorder deux ans et m\u00eame un mandat suppl\u00e9mentaire sans \u00e9lection \u00bb, a-t-il d\u00e9clar\u00e9. Ces r\u00e9centes manifestations sont surveill\u00e9es de pr\u00e8s comme de l\u2019huile sur le feu au regard du contexte pr\u00e9\u00e9lectoral. Ces derniers jours, un document de l\u2019arm\u00e9e a \u00e9t\u00e9 divulgu\u00e9 sur les r\u00e9seaux sociaux, informant que la haute hi\u00e9rarchie militaire a plac\u00e9 les troupes en alerte maximale. Une mani\u00e8re de pr\u00e9senter la puissance de r\u00e9pression de toute manifestation ou un simple dispositif de s\u00e9curisation des \u00e9lections du dimanche\u00a0?<\/p>\n<p>Alors que le pouvoir se d\u00e9m\u00eale pour \u00e9touffer cette vague de contestation, le juge de la Cour de r\u00e9pression des infractions \u00e9conomiques et du terrorisme (CRIET) du B\u00e9nin, Essow\u00e9 Batamoussi, annonce de fa\u00e7on inattendue sa d\u00e9mission. La raison avanc\u00e9e est que sa juridiction est sujette \u00e0 plusieurs pressions de la part des caciques du pouvoir \u00e0 l\u2019effet de s\u2019en tirer avec des d\u00e9cisions en leur faveur. En r\u00e9alit\u00e9, les pressions exerc\u00e9es sur les juges de cette Cour les auraient oblig\u00e9s \u00e0 garder l\u2019opposante Reckya Madougou en d\u00e9tention. Cette d\u00e9cision du juge Batamoussi vient ragaillardir l\u2019opposition contre la CRIET qu\u2019elle a toujours pr\u00e9sent\u00e9e comme une machine \u00e0 r\u00e9primer les adversaires g\u00eanants du chef de l\u2019Etat. Le magistrat d\u00e9missionnaire qui s\u2019est aussit\u00f4t exil\u00e9, craignant des repr\u00e9sailles, conjugu\u00e9es aux manifestations d\u2019hier, sont des signes d\u2019un profond malaise au pays de Mathieu K\u00e9r\u00e9kou. De toute \u00e9vidence, la partie pr\u00e9sidentielle par crainte d\u2019une surprise d\u00e9sagr\u00e9able est sur le qui-vive. Jusqu\u2019o\u00f9 ira cette crise qui continue de pourrir l\u2019atmosph\u00e8re sociale au B\u00e9nin\u00a0? Les positions des adversaires finiront par trouver une issue \u00e0 la crise. Vivement que les B\u00e9ninois parviennent \u00e0 une solution, garante de la bonne marche de la d\u00e9mocratie.<\/p>\n<p class=\"c1\"><strong>Abdoulaye BALBONE<\/strong><\/p>\n<div class=\"td-a-rec td-a-rec-id-content_bottom tdi_33_56d td_block_template_1\">\n<p><img loading=\"lazy\" decoding=\"async\" class=\"aligncenter size-full wp-image-27454\" src=\"https:\/\/www.sidwaya.info\/wp-content\/uploads\/2020\/10\/PUB-Bandeau-paiement-mobile-siteweb.jpg\" alt=\"\" width=\"728\" height=\"90\"\/><\/div>\n<p>Auteur: BM. Sidwaya<br \/>\n<a href=\"https:\/\/www.sidwaya.info\/blog\/2021\/04\/06\/les-ennuis-de-patrice-talon\/\">Cliquez ici pour lire l&rsquo;article depuis sa source.<\/a><\/p>\n","protected":false},"excerpt":{"rendered":"<p>La journ\u00e9e d\u2019hier n\u2019a pas \u00e9t\u00e9 un fleuve tranquille dans certaines villes du B\u00e9nin. Les populations de plusieurs localit\u00e9s du pays dont Cotonou, Tchaourou (ville d\u2019origine de l\u2019ancien pr\u00e9sident Boni Yayi) et Parakou ont \u00e9t\u00e9 troubl\u00e9es dans leur sommeil par des manifestants qui r\u00e9clament \u00e0 cor et \u00e0 cris le d\u00e9part du pr\u00e9sident b\u00e9ninois, Patrice [&hellip;]<\/p>\n","protected":false},"author":1816,"featured_media":0,"comment_status":"closed","ping_status":"closed","sticky":false,"template":"","format":"standard","meta":{"fifu_image_url":"https:\/\/www.sidwaya.info\/wp-content\/uploads\/2021\/03\/mercure24.jpg","fifu_image_alt":"Les ennuis de Patrice Talon","footnotes":""},"categories":[73,81],"tags":[],"class_list":["post-114456","post","type-post","status-publish","format-standard","hentry","category-actualite","category-burkina-faso"],"_links":{"self":[{"href":"https:\/\/linitiative.ca\/International\/wp-json\/wp\/v2\/posts\/114456","targetHints":{"allow":["GET"]}}],"collection":[{"href":"https:\/\/linitiative.ca\/International\/wp-json\/wp\/v2\/posts"}],"about":[{"href":"https:\/\/linitiative.ca\/International\/wp-json\/wp\/v2\/types\/post"}],"author":[{"embeddable":true,"href":"https:\/\/linitiative.ca\/International\/wp-json\/wp\/v2\/users\/1816"}],"replies":[{"embeddable":true,"href":"https:\/\/linitiative.ca\/International\/wp-json\/wp\/v2\/comments?post=114456"}],"version-history":[{"count":0,"href":"https:\/\/linitiative.ca\/International\/wp-json\/wp\/v2\/posts\/114456\/revisions"}],"wp:attachment":[{"href":"https:\/\/linitiative.ca\/International\/wp-json\/wp\/v2\/media?parent=114456"}],"wp:term":[{"taxonomy":"category","embeddable":true,"href":"https:\/\/linitiative.ca\/International\/wp-json\/wp\/v2\/categories?post=114456"},{"taxonomy":"post_tag","embeddable":true,"href":"https:\/\/linitiative.ca\/International\/wp-json\/wp\/v2\/tags?post=114456"}],"curies":[{"name":"wp","href":"https:\/\/api.w.org\/{rel}","templated":true}]}}