{"id":114457,"date":"2021-04-06T17:36:13","date_gmt":"2021-04-06T21:36:13","guid":{"rendered":"https:\/\/linitiative.ca\/International\/gestion-de-femmes-et-nourrissons-en-milieu-carceral-des-personnels-de-securite-penitentiaire-se-forment\/"},"modified":"2021-04-06T17:36:13","modified_gmt":"2021-04-06T21:36:13","slug":"gestion-de-femmes-et-nourrissons-en-milieu-carceral-des-personnels-de-securite-penitentiaire-se-forment","status":"publish","type":"post","link":"https:\/\/linitiative.ca\/International\/gestion-de-femmes-et-nourrissons-en-milieu-carceral-des-personnels-de-securite-penitentiaire-se-forment\/","title":{"rendered":"Gestion de femmes et nourrissons en milieu carc\u00e9ral  : des personnels de s\u00e9curit\u00e9 p\u00e9nitentiaire se forment"},"content":{"rendered":"<div class=\"td-post-featured-image\"><a href=\"https:\/\/www.sidwaya.info\/wp-content\/uploads\/2021\/04\/1-12.jpg\" data-caption=\"\"><img loading=\"lazy\" decoding=\"async\" width=\"595\" height=\"397\" class=\"entry-thumb td-modal-image\" src=\"https:\/\/www.sidwaya.info\/wp-content\/uploads\/2021\/04\/1-12.jpg\" srcset=\"https:\/\/www.sidwaya.info\/wp-content\/uploads\/2021\/04\/1-12.jpg 595w, https:\/\/www.sidwaya.info\/wp-content\/uploads\/2021\/04\/1-12-300x200.jpg 300w, https:\/\/www.sidwaya.info\/wp-content\/uploads\/2021\/04\/1-12-150x100.jpg 150w\" sizes=\"auto, (max-width: 595px) 100vw, 595px\" alt=\"\" title=\"1\"\/><\/a><\/div>\n<p><strong>Le Programme des Nations unies pour le d\u00e9veloppement (PNUD), \u00e0 travers son programme Coh\u00e9sion sociale, s\u00e9curit\u00e9 et \u00e9tat de droit (COSED) organise, les 6 et 7 avril 2021, \u00e0 Ouagadougou, au profit des personnels de s\u00e9curit\u00e9 p\u00e9nitentiaire, une formation en vue de l\u2019am\u00e9lioration des conditions des femmes d\u00e9tenues et leurs nourrissons.<\/strong><\/p>\n<p>114 femmes sont en d\u00e9tention dans l\u2019ensemble des Maisons d\u2019arr\u00eat et de Correction du territoire national. Et selon l\u2019administration p\u00e9nitentiaire, au 9 mars 2021, six nourrissons vivaient avec leur m\u00e8re en d\u00e9tention dans les diff\u00e9rents \u00e9tablissements p\u00e9nitentiaires du Burkina. Mais, la question du traitement des femmes d\u00e9tenues a toujours \u00e9t\u00e9 au c\u0153ur des d\u00e9bats sur le respect des droits humains en g\u00e9n\u00e9ral et ceux des personnes d\u00e9tenues en particulier. Au Burkina, la loi n\u00b010-2017\/AN du 10 avril 2017 portant r\u00e9gime p\u00e9nitentiaire et sur le plan international, les r\u00e8gles Nelson Mandela, les r\u00e8gles de Bangkok relatives au traitement des femmes d\u00e9tenues, les r\u00e8gles de Beijing concernant les mineurs d\u00e9linquants prescrivent d\u2019accorder une attention particuli\u00e8re aux femmes priv\u00e9es de libert\u00e9 en g\u00e9n\u00e9ral et sp\u00e9cifiquement celles incarc\u00e9r\u00e9es avec leurs nourrissons. Pour s\u2019inscrire davantage dans cette dynamique, le Programme des Nations unies pour le d\u00e9veloppement (PNUD), par le biais de son programme Coh\u00e9sion sociale, s\u00e9curit\u00e9 et Etat de droit(COSED) a d\u00e9cid\u00e9 de former, les 6 et 7 avril 2021, \u00e0 Ouagadougou, des personnels de s\u00e9curit\u00e9 p\u00e9nitentiaire. La formation a pour th\u00e9matique : \u00ab Traitement des femmes d\u00e9tenues et gestion de nourrissons en milieu p\u00e9nitentiaire \u00bb. Rappeler les bonnes pratiques en mati\u00e8re de gestion des femmes d\u00e9tenues ainsi que de leurs enfants en bas \u00e2ge, s\u2019approprier les principes fondamentaux li\u00e9s au respect du genre et sur l\u2019approche bas\u00e9e sur les droits humains, comprendre les enjeux s\u00e9curitaires li\u00e9s \u00e0 la question des femmes d\u00e9tenues et de leurs enfants en bas \u00e2ge\u2026sont aussi les objectifs de la formation, selon la cheffe du service de la promotion du genre au sein de l\u2019administration p\u00e9nitentiaire, Z\u00e9nabou Sidib\u00e9. \u00ab Il faut de temps en temps rappeler les bonnes pratiques aux personnels qui, par moment, sont tent\u00e9s de tomber dans la routine avec les d\u00e9rives. La place d\u2019un enfant, c\u2019est dehors au sein d\u2019une famille. Un enfant, qui se retrouve accidentellement en prison, n\u2019est pas dans son milieu naturel. Il vit comme s\u2019il \u00e9tait priv\u00e9 de libert\u00e9. Ce dernier n\u2019a pas toute la latitude de s\u2019amuser avec ses camarades d\u2019\u00e2ge. Il est tout le temps contraint de rester avec sa maman et des adultes qu\u2019il ne conna\u00eet pas \u00bb, a-t-elle affirm\u00e9. Cette situation, a-t-elle dit, joue \u00e9norm\u00e9ment sur l\u2019enfant et la m\u00e8re.<\/p>\n<p><strong>Respecter les droits<\/strong><\/p>\n<p>Pour qu\u2019ils sentent moins le poids de la prison, alors il convient, a-t-elle dit, de mettre au m\u00eame niveau les connaissances du personnel de s\u00e9curit\u00e9 p\u00e9nitentiaire pour qu\u2019ils sachent que les enfants qui ont accompagn\u00e9 accidentellement leur maman en prison ne sont pas des d\u00e9tenus. Team leader gouvernance et paix durable au bureau PNUD, Dieudonn\u00e9 Kini, a reconnu qu\u2019il y a un certain nombre de d\u00e9fis li\u00e9s \u00e0 l\u2019effectivit\u00e9 d\u2019un Etat de droit au Burkina, et la question de l\u2019administration p\u00e9nitentiaire est importante. En g\u00e9n\u00e9ral, a-t-il expliqu\u00e9, lorsqu\u2019on parle de d\u00e9tenus, les citoyens ont une certaine perception d\u2019eux.<br \/>Or, ce n\u2019est pas parce qu\u2019on est d\u00e9tenu qu\u2019on est condamn\u00e9. \u00ab\u00a0M\u00eame lorsqu\u2019on est condamn\u00e9, on a des droits qui m\u00e9ritent d\u2019\u00eatre respect\u00e9s. Les femmes constituent un public-cible particulier. G\u00e9n\u00e9ralement, elles se retrouvent en milieu carc\u00e9ral avec leurs enfants qui n\u2019ont pas demand\u00e9 \u00e0 y \u00eatre\u00a0\u00bb, a pr\u00e9cis\u00e9 M. Kini. Tout en cherchant \u00e0 respecter les droits des d\u00e9tenus, en g\u00e9n\u00e9ral, il a insist\u00e9 que les femmes et les nourrissons en milieu carc\u00e9ral doivent b\u00e9n\u00e9ficier d\u2019une attention particuli\u00e8re.<\/p>\n<p class=\"c1\"><strong>Abdel Aziz NABALOUM<\/strong><br \/><strong>emirathe@yahoo.fr<\/strong><\/p>\n<div class=\"td-a-rec td-a-rec-id-content_bottom tdi_33_76b td_block_template_1\">\n<p><img loading=\"lazy\" decoding=\"async\" class=\"aligncenter size-full wp-image-27454\" src=\"https:\/\/www.sidwaya.info\/wp-content\/uploads\/2020\/10\/PUB-Bandeau-paiement-mobile-siteweb.jpg\" alt=\"\" width=\"728\" height=\"90\"\/><\/div>\n<p>Auteur: BM. Sidwaya<br \/>\n<a href=\"https:\/\/www.sidwaya.info\/blog\/2021\/04\/06\/gestion-de-femmes-et-nourrissons-en-milieu-carceral-des-personnels-de-securite-penitentiaire-se-forment\/\">Cliquez ici pour lire l&rsquo;article depuis sa source.<\/a><\/p>\n","protected":false},"excerpt":{"rendered":"<p>Le Programme des Nations unies pour le d\u00e9veloppement (PNUD), \u00e0 travers son programme Coh\u00e9sion sociale, s\u00e9curit\u00e9 et \u00e9tat de droit (COSED) organise, les 6 et 7 avril 2021, \u00e0 Ouagadougou, au profit des personnels de s\u00e9curit\u00e9 p\u00e9nitentiaire, une formation en vue de l\u2019am\u00e9lioration des conditions des femmes d\u00e9tenues et leurs nourrissons. 114 femmes sont en [&hellip;]<\/p>\n","protected":false},"author":1816,"featured_media":0,"comment_status":"closed","ping_status":"closed","sticky":false,"template":"","format":"standard","meta":{"fifu_image_url":"https:\/\/www.sidwaya.info\/wp-content\/uploads\/2021\/04\/1-12.jpg","fifu_image_alt":"Gestion de femmes et nourrissons en milieu carc\u00e9ral  : des personnels de s\u00e9curit\u00e9 p\u00e9nitentiaire se forment","footnotes":""},"categories":[73,81],"tags":[],"class_list":["post-114457","post","type-post","status-publish","format-standard","hentry","category-actualite","category-burkina-faso"],"_links":{"self":[{"href":"https:\/\/linitiative.ca\/International\/wp-json\/wp\/v2\/posts\/114457","targetHints":{"allow":["GET"]}}],"collection":[{"href":"https:\/\/linitiative.ca\/International\/wp-json\/wp\/v2\/posts"}],"about":[{"href":"https:\/\/linitiative.ca\/International\/wp-json\/wp\/v2\/types\/post"}],"author":[{"embeddable":true,"href":"https:\/\/linitiative.ca\/International\/wp-json\/wp\/v2\/users\/1816"}],"replies":[{"embeddable":true,"href":"https:\/\/linitiative.ca\/International\/wp-json\/wp\/v2\/comments?post=114457"}],"version-history":[{"count":0,"href":"https:\/\/linitiative.ca\/International\/wp-json\/wp\/v2\/posts\/114457\/revisions"}],"wp:attachment":[{"href":"https:\/\/linitiative.ca\/International\/wp-json\/wp\/v2\/media?parent=114457"}],"wp:term":[{"taxonomy":"category","embeddable":true,"href":"https:\/\/linitiative.ca\/International\/wp-json\/wp\/v2\/categories?post=114457"},{"taxonomy":"post_tag","embeddable":true,"href":"https:\/\/linitiative.ca\/International\/wp-json\/wp\/v2\/tags?post=114457"}],"curies":[{"name":"wp","href":"https:\/\/api.w.org\/{rel}","templated":true}]}}