{"id":114459,"date":"2021-04-06T13:18:12","date_gmt":"2021-04-06T17:18:12","guid":{"rendered":"https:\/\/linitiative.ca\/International\/foot-onze-pretendants-pour-le-prix-marc-vivien-foe-2021\/"},"modified":"2021-04-06T13:18:12","modified_gmt":"2021-04-06T17:18:12","slug":"foot-onze-pretendants-pour-le-prix-marc-vivien-foe-2021","status":"publish","type":"post","link":"https:\/\/linitiative.ca\/International\/foot-onze-pretendants-pour-le-prix-marc-vivien-foe-2021\/","title":{"rendered":"Foot : onze pr\u00e9tendants pour le Prix Marc-Vivien Fo\u00e9 2021"},"content":{"rendered":"<div readability=\"32\">\n<p>Publi\u00e9 le 06.04.2021 \u00e0 18h18 par APA News<\/p>\n<\/div>\n<div readability=\"83\">\n<p>La liste des joueurs retenus pour ce prix, r\u00e9compensant le meilleur footballeur africain en Ligue 1 fran\u00e7aise, a \u00e9t\u00e9 d\u00e9voil\u00e9e ce mardi 6 avril.Qui succ\u00e9dera au Nig\u00e9rian Victor Osimhen, laur\u00e9at de la pr\u00e9c\u00e9dente \u00e9dition ? On le saura bient\u00f4t. En tout cas, \u00ab le trio final sera choisi par un comit\u00e9 de journalistes et annonc\u00e9 le 29 avril prochain \u00bb selon RFI et France 24 qui d\u00e9cernent le Prix Marc-Vivien Fo\u00e9.<\/p>\n<p>Pour la saison 2020-2021, les joueurs africains ayant retenu l\u2019attention des membres du jury sont : Nayef Aguerd (Stade Rennais, Maroc), Farid Boulaya (FC Metz, Alg\u00e9rie), Andy Delort (Montpellier H\u00e9rault, Alg\u00e9rie), Boulaye Dia (Stade de Reims, S\u00e9n\u00e9gal), Seko Fofana (Racing Club de Lens, C\u00f4te d\u2019Ivoire), Idrissa Gana Gu\u00e8ye (Paris Saint Germain, S\u00e9n\u00e9gal), Tino Kadewere (Olympique Lyonnais, Zimbabwe), Ga\u00ebl Kakuta (Racing Club de Lens, R\u00e9publique d\u00e9mocratique du Congo), Alexandre Oukidja (FC Metz, Alg\u00e9rie), Reinildo Mandava (LOSC Lille, Mozambique) et Karl Toko-Ekambi (Olympique Lyonnais, Cameroun).<\/p>\n<p>Palmar\u00e8s du Prix Marc-Vivien Fo\u00e9 :<\/p>\n<p>2009 : Marouane Chamakh (Maroc), 2010 : Gervinho (C\u00f4te d\u2019Ivoire), 2011 : Gervinho (C\u00f4te d\u2019Ivoire), 2012\u00a0: Youn\u00e8s Belhanda (Maroc), 2013 : Pierre-Emerick Aubameyang (Gabon), 2014 : Vincent Enyeama (Nigeria), 2015 : Andr\u00e9 Ayew (Ghana), 2016 : Sofiane Boufal (Maroc), 2017 : Jean Micha\u00ebl Seri (C\u00f4te d\u2019Ivoire), 2018 : Karl Toko-Ekambi (Cameroun), 2019 : Nicolas P\u00e9p\u00e9 (C\u00f4te d\u2019Ivoire), 2020 : Victor Osimhen (Nigeria).<\/p>\n<\/div>\n<p>Auteur: APA News<br \/>\n<a href=\"https:\/\/www.journalducameroun.com\/foot-onze-pretendants-pour-le-prix-marc-vivien-foe-2021\/\">Cliquez ici pour lire l&rsquo;article depuis sa source.<\/a><\/p>\n","protected":false},"excerpt":{"rendered":"<p>Publi\u00e9 le 06.04.2021 \u00e0 18h18 par APA News La liste des joueurs retenus pour ce prix, r\u00e9compensant le meilleur footballeur africain en Ligue 1 fran\u00e7aise, a \u00e9t\u00e9 d\u00e9voil\u00e9e ce mardi 6 avril.Qui succ\u00e9dera au Nig\u00e9rian Victor Osimhen, laur\u00e9at de la pr\u00e9c\u00e9dente \u00e9dition ? On le saura bient\u00f4t. En tout cas, \u00ab le trio final sera [&hellip;]<\/p>\n","protected":false},"author":1965,"featured_media":0,"comment_status":"closed","ping_status":"closed","sticky":false,"template":"","format":"standard","meta":{"fifu_image_url":"","fifu_image_alt":"","footnotes":""},"categories":[73,82],"tags":[],"class_list":["post-114459","post","type-post","status-publish","format-standard","hentry","category-actualite","category-cameroun"],"_links":{"self":[{"href":"https:\/\/linitiative.ca\/International\/wp-json\/wp\/v2\/posts\/114459","targetHints":{"allow":["GET"]}}],"collection":[{"href":"https:\/\/linitiative.ca\/International\/wp-json\/wp\/v2\/posts"}],"about":[{"href":"https:\/\/linitiative.ca\/International\/wp-json\/wp\/v2\/types\/post"}],"author":[{"embeddable":true,"href":"https:\/\/linitiative.ca\/International\/wp-json\/wp\/v2\/users\/1965"}],"replies":[{"embeddable":true,"href":"https:\/\/linitiative.ca\/International\/wp-json\/wp\/v2\/comments?post=114459"}],"version-history":[{"count":0,"href":"https:\/\/linitiative.ca\/International\/wp-json\/wp\/v2\/posts\/114459\/revisions"}],"wp:attachment":[{"href":"https:\/\/linitiative.ca\/International\/wp-json\/wp\/v2\/media?parent=114459"}],"wp:term":[{"taxonomy":"category","embeddable":true,"href":"https:\/\/linitiative.ca\/International\/wp-json\/wp\/v2\/categories?post=114459"},{"taxonomy":"post_tag","embeddable":true,"href":"https:\/\/linitiative.ca\/International\/wp-json\/wp\/v2\/tags?post=114459"}],"curies":[{"name":"wp","href":"https:\/\/api.w.org\/{rel}","templated":true}]}}