{"id":114460,"date":"2021-04-06T14:19:18","date_gmt":"2021-04-06T18:19:18","guid":{"rendered":"https:\/\/linitiative.ca\/International\/presidentielle-congolaise-la-victoire-de-denis-sassou-nguesso-confirmee\/"},"modified":"2021-04-06T14:19:18","modified_gmt":"2021-04-06T18:19:18","slug":"presidentielle-congolaise-la-victoire-de-denis-sassou-nguesso-confirmee","status":"publish","type":"post","link":"https:\/\/linitiative.ca\/International\/presidentielle-congolaise-la-victoire-de-denis-sassou-nguesso-confirmee\/","title":{"rendered":"Pr\u00e9sidentielle congolaise : la victoire de Denis Sassou Nguesso confirm\u00e9e"},"content":{"rendered":"<div readability=\"32\">\n<p>Publi\u00e9 le 06.04.2021 \u00e0 19h19 par APA News<\/p>\n<\/div>\n<div readability=\"53\">\n<p>La Cour constitutionnelle a rejet\u00e9 les recours de l\u2019opposition et valid\u00e9 la r\u00e9\u00e9lection du pr\u00e9sident sortant.\u00ab L\u2019empereur \u00bb va allonger son r\u00e8gne sur le Congo. En effet, Denis Sassou Nguesso \u00ab qui, \u00e0 l\u2019occasion du scrutin pr\u00e9sidentiel, a recueilli 88,40 % des suffrages valablement exprim\u00e9s, est d\u00e9clar\u00e9 \u00e9lu \u00bb, annonce ce mardi 6 avril Auguste Iloki, le pr\u00e9sident de la Cour constitutionnelle.<\/p>\n<p>En outre, cette juridiction fait savoir qu\u2019elle a n\u00e9anmoins \u00ab proc\u00e9d\u00e9 aux rectifications et ajustements n\u00e9cessaires \u00bb sur les r\u00e9sultats de l\u2019\u00e9lection pr\u00e9sidentielle tenue le 21 mars dernier.<\/p>\n<p>Le candidat du Parti congolais du Travail (PCT), au pouvoir depuis 36 ans, arrache un quatri\u00e8me mandat. Il pourrait m\u00eame pr\u00e9sider aux destin\u00e9es de ce pays de l\u2019Afrique centrale jusqu\u2019en 2031 gr\u00e2ce \u00e0 une modification de la Constitution effectu\u00e9e en 2015.<\/p>\n<\/div>\n<p>Auteur: APA News<br \/>\n<a href=\"https:\/\/www.journalducameroun.com\/presidentielle-congolaise-la-victoire-de-denis-sassou-nguesso-confirmee\/\">Cliquez ici pour lire l&rsquo;article depuis sa source.<\/a><\/p>\n","protected":false},"excerpt":{"rendered":"<p>Publi\u00e9 le 06.04.2021 \u00e0 19h19 par APA News La Cour constitutionnelle a rejet\u00e9 les recours de l\u2019opposition et valid\u00e9 la r\u00e9\u00e9lection du pr\u00e9sident sortant.\u00ab L\u2019empereur \u00bb va allonger son r\u00e8gne sur le Congo. En effet, Denis Sassou Nguesso \u00ab qui, \u00e0 l\u2019occasion du scrutin pr\u00e9sidentiel, a recueilli 88,40 % des suffrages valablement exprim\u00e9s, est d\u00e9clar\u00e9 [&hellip;]<\/p>\n","protected":false},"author":1965,"featured_media":0,"comment_status":"closed","ping_status":"closed","sticky":false,"template":"","format":"standard","meta":{"fifu_image_url":"","fifu_image_alt":"","footnotes":""},"categories":[73,82],"tags":[],"class_list":["post-114460","post","type-post","status-publish","format-standard","hentry","category-actualite","category-cameroun"],"_links":{"self":[{"href":"https:\/\/linitiative.ca\/International\/wp-json\/wp\/v2\/posts\/114460","targetHints":{"allow":["GET"]}}],"collection":[{"href":"https:\/\/linitiative.ca\/International\/wp-json\/wp\/v2\/posts"}],"about":[{"href":"https:\/\/linitiative.ca\/International\/wp-json\/wp\/v2\/types\/post"}],"author":[{"embeddable":true,"href":"https:\/\/linitiative.ca\/International\/wp-json\/wp\/v2\/users\/1965"}],"replies":[{"embeddable":true,"href":"https:\/\/linitiative.ca\/International\/wp-json\/wp\/v2\/comments?post=114460"}],"version-history":[{"count":0,"href":"https:\/\/linitiative.ca\/International\/wp-json\/wp\/v2\/posts\/114460\/revisions"}],"wp:attachment":[{"href":"https:\/\/linitiative.ca\/International\/wp-json\/wp\/v2\/media?parent=114460"}],"wp:term":[{"taxonomy":"category","embeddable":true,"href":"https:\/\/linitiative.ca\/International\/wp-json\/wp\/v2\/categories?post=114460"},{"taxonomy":"post_tag","embeddable":true,"href":"https:\/\/linitiative.ca\/International\/wp-json\/wp\/v2\/tags?post=114460"}],"curies":[{"name":"wp","href":"https:\/\/api.w.org\/{rel}","templated":true}]}}