{"id":114461,"date":"2021-04-06T17:11:22","date_gmt":"2021-04-06T21:11:22","guid":{"rendered":"https:\/\/linitiative.ca\/International\/cameroun-coronavirus-lordre-national-des-medecins-et-le-conseil-national-des-pharmaciens-pour-une-campagne-de-vaccination-de-masse\/"},"modified":"2021-04-06T17:11:22","modified_gmt":"2021-04-06T21:11:22","slug":"cameroun-coronavirus-lordre-national-des-medecins-et-le-conseil-national-des-pharmaciens-pour-une-campagne-de-vaccination-de-masse","status":"publish","type":"post","link":"https:\/\/linitiative.ca\/International\/cameroun-coronavirus-lordre-national-des-medecins-et-le-conseil-national-des-pharmaciens-pour-une-campagne-de-vaccination-de-masse\/","title":{"rendered":"Cameroun-Coronavirus : l\u2019Ordre national des m\u00e9decins et le Conseil national des pharmaciens pour une campagne de vaccination de masse"},"content":{"rendered":"<div readability=\"32\">\n<p>Publi\u00e9 le 06.04.2021 \u00e0 22h11 par JournalduCameroun.com<\/p>\n<\/div>\n<div readability=\"59\">\n<h5 class=\"c9\">Ils ont fait valoir leur argument au Premier ministre qui les a re\u00e7us ce 6 avril \u00e0 Yaound\u00e9.<\/h5>\n<p class=\"c10\">Le professeur Guy Sandjon, pr\u00e9sident de l\u2019Ordre des m\u00e9decins du Cameroun et Franck Nana, pr\u00e9sident du Conseil de l\u2019Ordre des pharmaciens du Cameroun battent campagne pour une vaccination de masse contre le <strong>coronavirus<\/strong>. Ils ont \u00e9t\u00e9 re\u00e7us sur ce th\u00e8me, ce 6 avril, \u00e0 l\u2019Immeuble \u00e9toile par le Chef du gouvernement Joseph Dion Ngute.<\/p>\n<p class=\"c10\">Pour le Pr Guy Sandjon, le <strong>Cameroun<\/strong> doit adopter une <strong>campagne de vaccination<\/strong> de masse. <em>\u00ab\u00a0Nous ne sommes pas un pays \u00e0 part dans le monde. Tous les pays europ\u00e9ens, africains vont \u00e0 la vaccination\u00a0\u00bb<\/em>, recommande-t-il.\u00a0 Il ajoute\u00a0: <em>\u00ab\u00a0c\u2019est vrai il y a des incidents. Il faut que le ratio-b\u00e9n\u00e9fice \/risque soit toujours tr\u00e8s important. C\u2019est le cas avec la vaccination. On pourra choisir le vaccin qu\u2019on veut. Celui qui ne veut pas de vaccin ne le prendra pas\u00a0\u00bb.<\/em><\/p>\n<p class=\"c10\">C\u2019est \u00e9galement ce que pense le Dr Frank Nana de chez les pharmaciens.\u00a0<em>\u00ab\u00a0Nous avons propos\u00e9 que la vaccination soit un point d\u2019honneur \u00e0 la r\u00e9ponse \u00e0 cette deuxi\u00e8me vague. Elle est plus meurtri\u00e8re, plus insidieuse. Nous devons tous autant que nous sommes participer \u00e0 cette campagne. Il est important de nous prot\u00e9ger, de prot\u00e9ger nos familles\u00a0\u00bb<\/em>, soutien-t-il.<\/p>\n<p class=\"c10\">Le gouvernement a annonc\u00e9 qu\u2019il attend les 200\u00a0000 premi\u00e8res doses de vaccin le 11 avril prochain. Ce lot est du chinois Sinopharm. C\u2019est le Programme \u00e9largi de vaccination (Pev) d\u00e9j\u00e0 \u00e0 l\u2019\u0153uvre contre d\u2019autres maladies qui sera charg\u00e9 de vacciner la population.<\/p>\n<\/div>\n<p>Auteur: journalducameroun<br \/>\n<a href=\"https:\/\/www.journalducameroun.com\/cameroun-coronavirus-lordre-national-des-medecins-et-le-conseil-national-des-pharmaciens-pour-une-campagne-de-vaccination-de-masse-cameroun\/\">Cliquez ici pour lire l&rsquo;article depuis sa source.<\/a><\/p>\n","protected":false},"excerpt":{"rendered":"<p>Publi\u00e9 le 06.04.2021 \u00e0 22h11 par JournalduCameroun.com Ils ont fait valoir leur argument au Premier ministre qui les a re\u00e7us ce 6 avril \u00e0 Yaound\u00e9. Le professeur Guy Sandjon, pr\u00e9sident de l\u2019Ordre des m\u00e9decins du Cameroun et Franck Nana, pr\u00e9sident du Conseil de l\u2019Ordre des pharmaciens du Cameroun battent campagne pour une vaccination de masse [&hellip;]<\/p>\n","protected":false},"author":1965,"featured_media":0,"comment_status":"closed","ping_status":"closed","sticky":false,"template":"","format":"standard","meta":{"fifu_image_url":"","fifu_image_alt":"","footnotes":""},"categories":[73,82],"tags":[],"class_list":["post-114461","post","type-post","status-publish","format-standard","hentry","category-actualite","category-cameroun"],"_links":{"self":[{"href":"https:\/\/linitiative.ca\/International\/wp-json\/wp\/v2\/posts\/114461","targetHints":{"allow":["GET"]}}],"collection":[{"href":"https:\/\/linitiative.ca\/International\/wp-json\/wp\/v2\/posts"}],"about":[{"href":"https:\/\/linitiative.ca\/International\/wp-json\/wp\/v2\/types\/post"}],"author":[{"embeddable":true,"href":"https:\/\/linitiative.ca\/International\/wp-json\/wp\/v2\/users\/1965"}],"replies":[{"embeddable":true,"href":"https:\/\/linitiative.ca\/International\/wp-json\/wp\/v2\/comments?post=114461"}],"version-history":[{"count":0,"href":"https:\/\/linitiative.ca\/International\/wp-json\/wp\/v2\/posts\/114461\/revisions"}],"wp:attachment":[{"href":"https:\/\/linitiative.ca\/International\/wp-json\/wp\/v2\/media?parent=114461"}],"wp:term":[{"taxonomy":"category","embeddable":true,"href":"https:\/\/linitiative.ca\/International\/wp-json\/wp\/v2\/categories?post=114461"},{"taxonomy":"post_tag","embeddable":true,"href":"https:\/\/linitiative.ca\/International\/wp-json\/wp\/v2\/tags?post=114461"}],"curies":[{"name":"wp","href":"https:\/\/api.w.org\/{rel}","templated":true}]}}