{"id":114462,"date":"2021-04-06T17:18:02","date_gmt":"2021-04-06T21:18:02","guid":{"rendered":"https:\/\/linitiative.ca\/International\/le-maroc-et-la-colombie-determines-a-poursuivre-la-dynamique-de-cooperation-sectorielle\/"},"modified":"2021-04-06T17:18:02","modified_gmt":"2021-04-06T21:18:02","slug":"le-maroc-et-la-colombie-determines-a-poursuivre-la-dynamique-de-cooperation-sectorielle","status":"publish","type":"post","link":"https:\/\/linitiative.ca\/International\/le-maroc-et-la-colombie-determines-a-poursuivre-la-dynamique-de-cooperation-sectorielle\/","title":{"rendered":"Le Maroc et la Colombie d\u00e9termin\u00e9s \u00e0 poursuivre la dynamique de coop\u00e9ration sectorielle"},"content":{"rendered":"<div readability=\"32\">\n<p>Publi\u00e9 le 06.04.2021 \u00e0 22h18 par APA News<\/p>\n<\/div>\n<div readability=\"80\">\n<p>Le Maroc et la Colombie, ont r\u00e9affirm\u00e9, mardi, la volont\u00e9 de poursuivre la consolidation du partenariat multidimensionnel existant entre les deux pays notamment dans le cadre d\u2019une coop\u00e9ration Sud-Sud agissante et mutuellement avantageuse.Lors d\u2019une r\u00e9union de travail, sous format virtuel, le ministre marocain des Affaires \u00e9trang\u00e8res, Nasser Bourita, et la ministre des Relations ext\u00e9rieures de Colombie, Claudia Blum, ont proc\u00e9d\u00e9 \u00e0 un \u00e9change de vues quant aux relations strat\u00e9giques et exemplaires unissant les deux pays et ont examin\u00e9 les nouvelles perspectives li\u00e9es au partenariat bilat\u00e9ral, indique un communiqu\u00e9 conjoint rendu public \u00e0 l\u2019issue de cette visioconf\u00e9rence.<\/p>\n<p>Les deux ministres se sont f\u00e9licit\u00e9s de la dynamique positive et soutenue caract\u00e9risant les relations entre la Colombie et le Maroc aussi bien au niveau politique, \u00e9conomique que culturel, refl\u00e9t\u00e9e par un dialogue politique fluide et constructif, et appuy\u00e9e par une convergence de vues sur plusieurs questions d\u2019ordre r\u00e9gional et international.<\/p>\n<p>Ils ont salu\u00e9, \u00e0 cet \u00e9gard, l\u2019\u00e9change fructueux ayant caract\u00e9ris\u00e9 la troisi\u00e8me r\u00e9union des consultations politiques, organis\u00e9e \u00e0 Rabat, le 14 f\u00e9vrier 2020.<\/p>\n<p>Par ailleurs, les deux responsables se sont engag\u00e9s \u00e0 poursuivre mutuellement la dynamique de coop\u00e9ration sectorielle avantageuse et diversifi\u00e9e entre Bogot\u00e1 et Rabat, consacr\u00e9e par la deuxi\u00e8me session de la Commission mixte Colombie-Maroc, tenue \u00e0 Rabat, le 13 f\u00e9vrier 2020, en tirant pleinement profit du grand potentiel dont disposent les deux pays dans diff\u00e9rents domaines prioritaires, tels que l\u2019agriculture, le tourisme, l\u2019artisanat, la s\u00e9curit\u00e9, la culture et le sport.<\/p>\n<p>A l\u2019issue de cette rencontre, les deux ministres se sont r\u00e9jouis de la volont\u00e9 commune de renforcer le cadre juridique bilat\u00e9ral et ont relev\u00e9 les perspectives positives qu\u2019il offrira dans divers domaines d\u2019int\u00e9r\u00eat commun.<\/p>\n<\/div>\n<p>Auteur: APA News<br \/>\n<a href=\"https:\/\/www.journalducameroun.com\/le-maroc-et-la-colombie-determines-a-poursuivre-la-dynamique-de-cooperation-sectorielle\/\">Cliquez ici pour lire l&rsquo;article depuis sa source.<\/a><\/p>\n","protected":false},"excerpt":{"rendered":"<p>Publi\u00e9 le 06.04.2021 \u00e0 22h18 par APA News Le Maroc et la Colombie, ont r\u00e9affirm\u00e9, mardi, la volont\u00e9 de poursuivre la consolidation du partenariat multidimensionnel existant entre les deux pays notamment dans le cadre d\u2019une coop\u00e9ration Sud-Sud agissante et mutuellement avantageuse.Lors d\u2019une r\u00e9union de travail, sous format virtuel, le ministre marocain des Affaires \u00e9trang\u00e8res, Nasser [&hellip;]<\/p>\n","protected":false},"author":1965,"featured_media":0,"comment_status":"closed","ping_status":"closed","sticky":false,"template":"","format":"standard","meta":{"fifu_image_url":"","fifu_image_alt":"","footnotes":""},"categories":[73,82],"tags":[],"class_list":["post-114462","post","type-post","status-publish","format-standard","hentry","category-actualite","category-cameroun"],"_links":{"self":[{"href":"https:\/\/linitiative.ca\/International\/wp-json\/wp\/v2\/posts\/114462","targetHints":{"allow":["GET"]}}],"collection":[{"href":"https:\/\/linitiative.ca\/International\/wp-json\/wp\/v2\/posts"}],"about":[{"href":"https:\/\/linitiative.ca\/International\/wp-json\/wp\/v2\/types\/post"}],"author":[{"embeddable":true,"href":"https:\/\/linitiative.ca\/International\/wp-json\/wp\/v2\/users\/1965"}],"replies":[{"embeddable":true,"href":"https:\/\/linitiative.ca\/International\/wp-json\/wp\/v2\/comments?post=114462"}],"version-history":[{"count":0,"href":"https:\/\/linitiative.ca\/International\/wp-json\/wp\/v2\/posts\/114462\/revisions"}],"wp:attachment":[{"href":"https:\/\/linitiative.ca\/International\/wp-json\/wp\/v2\/media?parent=114462"}],"wp:term":[{"taxonomy":"category","embeddable":true,"href":"https:\/\/linitiative.ca\/International\/wp-json\/wp\/v2\/categories?post=114462"},{"taxonomy":"post_tag","embeddable":true,"href":"https:\/\/linitiative.ca\/International\/wp-json\/wp\/v2\/tags?post=114462"}],"curies":[{"name":"wp","href":"https:\/\/api.w.org\/{rel}","templated":true}]}}