{"id":114463,"date":"2021-04-06T17:36:10","date_gmt":"2021-04-06T21:36:10","guid":{"rendered":"https:\/\/linitiative.ca\/International\/cameroun-sangmelima-le-monument-paul-biya-attendu-pour-le-6-novembre-prochain\/"},"modified":"2021-04-06T17:36:10","modified_gmt":"2021-04-06T21:36:10","slug":"cameroun-sangmelima-le-monument-paul-biya-attendu-pour-le-6-novembre-prochain","status":"publish","type":"post","link":"https:\/\/linitiative.ca\/International\/cameroun-sangmelima-le-monument-paul-biya-attendu-pour-le-6-novembre-prochain\/","title":{"rendered":"Cameroun-Sangmelima : le monument Paul Biya attendu pour le 6 novembre prochain"},"content":{"rendered":"<div readability=\"32\">\n<p>Publi\u00e9 le 06.04.2021 \u00e0 22h36 par JournalduCameroun.com<\/p>\n<\/div>\n<div readability=\"49\">\n<h5 class=\"c9\">Le symbole devrait \u00eatre inaugur\u00e9 pour les \u00a039 ans de pouvoir du pr\u00e9sident de la R\u00e9publique, dans la ville de la r\u00e9gion du Sud dont d\u00e9pend son village natal.<\/h5>\n<p class=\"c10\">Le <strong>monument Paul Biya<\/strong> et les portiques du boulevard qui vont porter son nom devraient \u00eatre pr\u00eats pour le 6 novembre 2021. C\u2019est ce \u00e0 quoi se sont engag\u00e9es les autorit\u00e9s de la ville de <strong>Sangmelima<\/strong> o\u00f9 des symboles vont \u00eatre \u00e9rig\u00e9s. Le maire de la ville, \u00e0 l\u2019initiative du projet, a re\u00e7u ce 6 avril, le soutien de C\u00e9lestine Ketcha Court\u00e8s, ministre de l\u2019Habitat et du D\u00e9veloppement urbain.<\/p>\n<p class=\"c10\">Celle-ci a pr\u00e9sid\u00e9 une s\u00e9ance de travail \u00e0 cet effet dans la salle des actes de la mairie. R\u00e9union au cours de laquelle la ministre s\u2019est engag\u00e9e \u00e0 apporter le soutien technique et financier n\u00e9cessaire pour l\u2019aboutissement du projet. <em>\u00ab\u00a0Je dis davantage merci \u00e0 madame la ministre qui est venue me donner un coup de pouce et\u00a0 l\u2019\u00e9quipe qui l\u2019accompagne. En m\u00eame temps, nous invitons les uns et les autres\u00a0 \u00e0 presser le pas pour que tr\u00e8s rapidement nous puissions rendre cet hommage m\u00e9rit\u00e9 au pr\u00e9sident de la R\u00e9publique\u00a0\u00bb.<\/em><\/p>\n<p class=\"c10\">Le projet de monument Paul Biya a \u00e9t\u00e9 pr\u00e9sent\u00e9 le 13 f\u00e9vrier dernier lors des festivit\u00e9s d\u2019anniversaire du pr\u00e9sident Paul Biya, qui f\u00eatait ses 88 ans.<\/p>\n<\/div>\n<p>Auteur: journalducameroun<br \/>\n<a href=\"https:\/\/www.journalducameroun.com\/cameroun-sangmelima-le-monument-paul-biya-attendu-pour-le-6-novembre-prochain-cameroun\/\">Cliquez ici pour lire l&rsquo;article depuis sa source.<\/a><\/p>\n","protected":false},"excerpt":{"rendered":"<p>Publi\u00e9 le 06.04.2021 \u00e0 22h36 par JournalduCameroun.com Le symbole devrait \u00eatre inaugur\u00e9 pour les \u00a039 ans de pouvoir du pr\u00e9sident de la R\u00e9publique, dans la ville de la r\u00e9gion du Sud dont d\u00e9pend son village natal. Le monument Paul Biya et les portiques du boulevard qui vont porter son nom devraient \u00eatre pr\u00eats pour le [&hellip;]<\/p>\n","protected":false},"author":1965,"featured_media":0,"comment_status":"closed","ping_status":"closed","sticky":false,"template":"","format":"standard","meta":{"fifu_image_url":"","fifu_image_alt":"","footnotes":""},"categories":[73,82],"tags":[],"class_list":["post-114463","post","type-post","status-publish","format-standard","hentry","category-actualite","category-cameroun"],"_links":{"self":[{"href":"https:\/\/linitiative.ca\/International\/wp-json\/wp\/v2\/posts\/114463","targetHints":{"allow":["GET"]}}],"collection":[{"href":"https:\/\/linitiative.ca\/International\/wp-json\/wp\/v2\/posts"}],"about":[{"href":"https:\/\/linitiative.ca\/International\/wp-json\/wp\/v2\/types\/post"}],"author":[{"embeddable":true,"href":"https:\/\/linitiative.ca\/International\/wp-json\/wp\/v2\/users\/1965"}],"replies":[{"embeddable":true,"href":"https:\/\/linitiative.ca\/International\/wp-json\/wp\/v2\/comments?post=114463"}],"version-history":[{"count":0,"href":"https:\/\/linitiative.ca\/International\/wp-json\/wp\/v2\/posts\/114463\/revisions"}],"wp:attachment":[{"href":"https:\/\/linitiative.ca\/International\/wp-json\/wp\/v2\/media?parent=114463"}],"wp:term":[{"taxonomy":"category","embeddable":true,"href":"https:\/\/linitiative.ca\/International\/wp-json\/wp\/v2\/categories?post=114463"},{"taxonomy":"post_tag","embeddable":true,"href":"https:\/\/linitiative.ca\/International\/wp-json\/wp\/v2\/tags?post=114463"}],"curies":[{"name":"wp","href":"https:\/\/api.w.org\/{rel}","templated":true}]}}