{"id":114467,"date":"2021-04-07T09:38:50","date_gmt":"2021-04-07T13:38:50","guid":{"rendered":"https:\/\/linitiative.ca\/International\/festival-cine-ville-de-fes-lancement-de-lappel-a-candidature-pour-la-25eme-edition\/"},"modified":"2021-04-07T09:38:50","modified_gmt":"2021-04-07T13:38:50","slug":"festival-cine-ville-de-fes-lancement-de-lappel-a-candidature-pour-la-25eme-edition","status":"publish","type":"post","link":"https:\/\/linitiative.ca\/International\/festival-cine-ville-de-fes-lancement-de-lappel-a-candidature-pour-la-25eme-edition\/","title":{"rendered":"Festival Cin\u00e9-ville de F\u00e8s : Lancement de l\u2019appel \u00e0 candidature pour la 25\u00e8me \u00e9dition"},"content":{"rendered":"<header>\n<div class=\"entry-post-meta\">\n<div class=\"author-link\">Publi\u00e9 par <a itemprop=\"author\" itemscope=\"itemscope\" itemtype=\"https:\/\/schema.org\/Person\" href=\"https:\/\/aujourdhui.ma\/author\/blio\" rel=\"author\"><span itemprop=\"name\">ALM<\/span><\/a><\/div>\n<p>Date\u00a0:<time content=\"2021-04-07T14:38:50+01:00\" class=\"entry-date updated\" datetime=\"2021-04-07T14:38:50+01:00\">avril 07, 2021<\/time><\/p>\n<div class=\"entry-cat\">dans:<a href=\"https:\/\/aujourdhui.ma\/category\/culture\" rel=\"category tag\">Culture<\/a><\/div>\n<p>10Vues<\/p>\n<\/div>\n<\/header>\n<div class=\"entry-content clearfix\" readability=\"57\">\n<figure class=\"post-thumbnail\" itemprop=\"associatedMedia\" itemscope=\"itemscope\" itemtype=\"http:\/\/schema.org\/ImageObject\"><img decoding=\"async\" class=\"post_layout_5_img\" src=\"http:\/\/aujourdhui.ma\/wp-content\/uploads\/2020\/03\/Fes.jpg\" alt=\"Festival Cin\u00e9-ville de F\u00e8s : Lancement de l\u2019appel \u00e0 candidature pour la 25\u00e8me \u00e9dition\"\/><\/figure>\n<p><span class=\"c5\"><strong>La 25\u00e8me \u00e9dition du festival Cin\u00e9-ville de F\u00e8s se tiendra du 13 au 16 octobre prochain, sous le signe \u00abLa ville marocaine aux yeux des cin\u00e9astes\u00bb.<\/strong><\/span><span id=\"more-373192\"\/><\/p>\n<p>Cette manifestation, initi\u00e9e par l\u2019association M\u00e9di film cr\u00e9ation-Maroc, en partenariat avec la commune de F\u00e8s et le Centre cin\u00e9matographique marocain, devait avoir lieu en juin dernier, avant d\u2019\u00eatre report\u00e9e en raison du contexte sanitaire de la Covid-19. Ouvert aux courts m\u00e9trages (ne d\u00e9passant pas 20 minutes) et aux longs m\u00e9trages (90 minutes), ce rendez-vous tend \u00e0 promouvoir la ville de F\u00e8s en tant qu\u2019espace de tournage et \u00e0 inciter les professionnels du 7\u00e8me art \u00e9trangers \u00e0 y r\u00e9aliser leurs \u0153uvres. D\u2019apr\u00e8s ses initiateurs, le festival vise aussi \u00e0 encourager l\u2019investissement cin\u00e9matographique \u00e0 travers la construction de complexes culturels, de studios et d\u2019espaces artistiques et culturels destin\u00e9s \u00e0 la diffusion de la culture cin\u00e9matographique. Le dernier d\u00e9lai pour les inscriptions a \u00e9t\u00e9 fix\u00e9 par le comit\u00e9 d\u2019organisation au 30 ao\u00fbt prochain. Les \u0153uvres participantes concourront pour les deux prix du festival, en l\u2019occurrence le \u00abPrix de F\u00e8s du meilleur film\u00bb et \u00abLe Prix de F\u00e8s du meilleur d\u00e9cor\u00bb.<\/p>\n<p>Pour rappel, la 24\u00e8me \u00e9dition, organis\u00e9e en juin 2019, avait mis \u00e0 l\u2019honneur le cin\u00e9ma centrafricain, \u00e0 travers la programmation et la projection d\u2019\u0153uvres cin\u00e9matographiques de ce pays, et rendu hommage \u00e0 l\u2019artiste Abdel K\u00e9bir Regagna pour sa riche contribution \u00e0 la sc\u00e8ne artistique et culturelle nationale. Le film \u00abA mile in my shoes\u00bb de Said Khalaf avait remport\u00e9 le Grand prix de cette \u00e9dition.<\/p>\n<\/div>\n<p>Auteur: ALM<br \/>\n<a href=\"https:\/\/aujourdhui.ma\/culture\/festival-cine-ville-de-fes-lancement-de-lappel-a-candidature-pour-la-25eme-edition\">Cliquez ici pour lire l&rsquo;article depuis sa source.<\/a><\/p>\n","protected":false},"excerpt":{"rendered":"<p>Publi\u00e9 par ALM Date\u00a0:avril 07, 2021 dans:Culture 10Vues La 25\u00e8me \u00e9dition du festival Cin\u00e9-ville de F\u00e8s se tiendra du 13 au 16 octobre prochain, sous le signe \u00abLa ville marocaine aux yeux des cin\u00e9astes\u00bb. Cette manifestation, initi\u00e9e par l\u2019association M\u00e9di film cr\u00e9ation-Maroc, en partenariat avec la commune de F\u00e8s et le Centre cin\u00e9matographique marocain, devait [&hellip;]<\/p>\n","protected":false},"author":1759,"featured_media":0,"comment_status":"closed","ping_status":"closed","sticky":false,"template":"","format":"standard","meta":{"fifu_image_url":"http:\/\/aujourdhui.ma\/wp-content\/uploads\/2020\/03\/Fes.jpg","fifu_image_alt":"Festival Cin\u00e9-ville de F\u00e8s : Lancement de l\u2019appel \u00e0 candidature pour la 25\u00e8me \u00e9dition","footnotes":""},"categories":[73,54],"tags":[],"class_list":["post-114467","post","type-post","status-publish","format-standard","hentry","category-actualite","category-maroc"],"_links":{"self":[{"href":"https:\/\/linitiative.ca\/International\/wp-json\/wp\/v2\/posts\/114467","targetHints":{"allow":["GET"]}}],"collection":[{"href":"https:\/\/linitiative.ca\/International\/wp-json\/wp\/v2\/posts"}],"about":[{"href":"https:\/\/linitiative.ca\/International\/wp-json\/wp\/v2\/types\/post"}],"author":[{"embeddable":true,"href":"https:\/\/linitiative.ca\/International\/wp-json\/wp\/v2\/users\/1759"}],"replies":[{"embeddable":true,"href":"https:\/\/linitiative.ca\/International\/wp-json\/wp\/v2\/comments?post=114467"}],"version-history":[{"count":0,"href":"https:\/\/linitiative.ca\/International\/wp-json\/wp\/v2\/posts\/114467\/revisions"}],"wp:attachment":[{"href":"https:\/\/linitiative.ca\/International\/wp-json\/wp\/v2\/media?parent=114467"}],"wp:term":[{"taxonomy":"category","embeddable":true,"href":"https:\/\/linitiative.ca\/International\/wp-json\/wp\/v2\/categories?post=114467"},{"taxonomy":"post_tag","embeddable":true,"href":"https:\/\/linitiative.ca\/International\/wp-json\/wp\/v2\/tags?post=114467"}],"curies":[{"name":"wp","href":"https:\/\/api.w.org\/{rel}","templated":true}]}}