{"id":114468,"date":"2021-04-07T09:44:06","date_gmt":"2021-04-07T13:44:06","guid":{"rendered":"https:\/\/linitiative.ca\/International\/inscription-des-greniers-collectifs-igoudars-au-patrimoine-mondial-de-lunesco\/"},"modified":"2021-04-07T09:44:06","modified_gmt":"2021-04-07T13:44:06","slug":"inscription-des-greniers-collectifs-igoudars-au-patrimoine-mondial-de-lunesco","status":"publish","type":"post","link":"https:\/\/linitiative.ca\/International\/inscription-des-greniers-collectifs-igoudars-au-patrimoine-mondial-de-lunesco\/","title":{"rendered":"Inscription des greniers collectifs (Igoudars) au patrimoine mondial de l\u2019Unesco"},"content":{"rendered":"<header>\n<div class=\"entry-post-meta\">\n<div class=\"author-link\">Publi\u00e9 par <a itemprop=\"author\" itemscope=\"itemscope\" itemtype=\"https:\/\/schema.org\/Person\" href=\"https:\/\/aujourdhui.ma\/author\/blio\" rel=\"author\"><span itemprop=\"name\">ALM<\/span><\/a><\/div>\n<p>Date\u00a0:<time content=\"2021-04-07T14:44:06+01:00\" class=\"entry-date updated\" datetime=\"2021-04-07T14:44:06+01:00\">avril 07, 2021<\/time><\/p>\n<div class=\"entry-cat\">dans:<a href=\"https:\/\/aujourdhui.ma\/category\/culture\" rel=\"category tag\">Culture<\/a><\/div>\n<p>36Vues<\/p>\n<\/div>\n<\/header>\n<div class=\"entry-content clearfix\" readability=\"45\">\n<figure class=\"post-thumbnail\" itemprop=\"associatedMedia\" itemscope=\"itemscope\" itemtype=\"http:\/\/schema.org\/ImageObject\"><img decoding=\"async\" class=\"post_layout_5_img\" src=\"https:\/\/aujourdhui.ma\/wp-content\/uploads\/2021\/04\/Inscription-des-greniers-collectifs-Igoudars-au-patrimoine-mondial-de-lUnesco.jpg\" alt=\"Inscription des greniers collectifs (Igoudars) au patrimoine mondial de l\u2019Unesco\"\/><\/figure>\n<p><strong>Un atelier national a \u00e9t\u00e9 tenu en pr\u00e9paration de l\u2019inscription des greniers collectifs (Igoudars) au patrimoine mondial de l\u2019Unesco.<\/strong> <span id=\"more-373199\"\/>Pr\u00e9sid\u00e9 par le ministre de la culture, de la jeunesse et des sports, Othman El Ferdaous, cet atelier a mis en avant l\u2019importance d\u2019inscrire ce patrimoine immat\u00e9riel marocain \u00e0 l\u2019Unesco et qui permettra de contribuer au d\u00e9veloppement \u00e9conomique et humain. En marge de cet atelier, qui a \u00e9t\u00e9 marqu\u00e9 par la pr\u00e9sentation de recommandations, une convention a \u00e9t\u00e9 sign\u00e9e pour la cr\u00e9ation d\u2019un centre d\u2019information d\u2019Igoudar par le ministre de la culture, le wali de la R\u00e9gion, le pr\u00e9sident du conseil de la r\u00e9gion, le pr\u00e9sident de la Soci\u00e9t\u00e9 de d\u00e9veloppement r\u00e9gional du tourisme Souss-Massa, le pr\u00e9sident du conseil provincial de Chtouka-A\u00eft Baha, ainsi que le pr\u00e9sident de la commune d\u2019A\u00eft-Baha.<\/p>\n<\/div>\n<p>Auteur: ALM<br \/>\n<a href=\"https:\/\/aujourdhui.ma\/culture\/inscription-des-greniers-collectifs-igoudars-au-patrimoine-mondial-de-lunesco\">Cliquez ici pour lire l&rsquo;article depuis sa source.<\/a><\/p>\n","protected":false},"excerpt":{"rendered":"<p>Publi\u00e9 par ALM Date\u00a0:avril 07, 2021 dans:Culture 36Vues Un atelier national a \u00e9t\u00e9 tenu en pr\u00e9paration de l\u2019inscription des greniers collectifs (Igoudars) au patrimoine mondial de l\u2019Unesco. Pr\u00e9sid\u00e9 par le ministre de la culture, de la jeunesse et des sports, Othman El Ferdaous, cet atelier a mis en avant l\u2019importance d\u2019inscrire ce patrimoine immat\u00e9riel marocain [&hellip;]<\/p>\n","protected":false},"author":1759,"featured_media":0,"comment_status":"closed","ping_status":"closed","sticky":false,"template":"","format":"standard","meta":{"fifu_image_url":"https:\/\/aujourdhui.ma\/wp-content\/uploads\/2021\/04\/Inscription-des-greniers-collectifs-Igoudars-au-patrimoine-mondial-de-lUnesco.jpg","fifu_image_alt":"Inscription des greniers collectifs (Igoudars) au patrimoine mondial de l\u2019Unesco","footnotes":""},"categories":[73,54],"tags":[],"class_list":["post-114468","post","type-post","status-publish","format-standard","hentry","category-actualite","category-maroc"],"_links":{"self":[{"href":"https:\/\/linitiative.ca\/International\/wp-json\/wp\/v2\/posts\/114468","targetHints":{"allow":["GET"]}}],"collection":[{"href":"https:\/\/linitiative.ca\/International\/wp-json\/wp\/v2\/posts"}],"about":[{"href":"https:\/\/linitiative.ca\/International\/wp-json\/wp\/v2\/types\/post"}],"author":[{"embeddable":true,"href":"https:\/\/linitiative.ca\/International\/wp-json\/wp\/v2\/users\/1759"}],"replies":[{"embeddable":true,"href":"https:\/\/linitiative.ca\/International\/wp-json\/wp\/v2\/comments?post=114468"}],"version-history":[{"count":0,"href":"https:\/\/linitiative.ca\/International\/wp-json\/wp\/v2\/posts\/114468\/revisions"}],"wp:attachment":[{"href":"https:\/\/linitiative.ca\/International\/wp-json\/wp\/v2\/media?parent=114468"}],"wp:term":[{"taxonomy":"category","embeddable":true,"href":"https:\/\/linitiative.ca\/International\/wp-json\/wp\/v2\/categories?post=114468"},{"taxonomy":"post_tag","embeddable":true,"href":"https:\/\/linitiative.ca\/International\/wp-json\/wp\/v2\/tags?post=114468"}],"curies":[{"name":"wp","href":"https:\/\/api.w.org\/{rel}","templated":true}]}}