{"id":114470,"date":"2021-04-07T11:04:14","date_gmt":"2021-04-07T15:04:14","guid":{"rendered":"https:\/\/linitiative.ca\/International\/le-patron-dapple-evoque-les-travaux-sur-les-technologies-de-la-voiture-autonome\/"},"modified":"2021-04-07T11:04:14","modified_gmt":"2021-04-07T15:04:14","slug":"le-patron-dapple-evoque-les-travaux-sur-les-technologies-de-la-voiture-autonome","status":"publish","type":"post","link":"https:\/\/linitiative.ca\/International\/le-patron-dapple-evoque-les-travaux-sur-les-technologies-de-la-voiture-autonome\/","title":{"rendered":"Le patron d\u2019Apple \u00e9voque les travaux  sur les technologies de la voiture autonome"},"content":{"rendered":"<figure class=\"post-thumbnail\" itemprop=\"associatedMedia\" itemscope=\"itemscope\" itemtype=\"http:\/\/schema.org\/ImageObject\"><img decoding=\"async\" class=\"post_layout_5_img\" src=\"http:\/\/aujourdhui.ma\/wp-content\/uploads\/2021\/04\/Tim-Cook.jpg\" alt=\"Le patron d\u2019Apple \u00e9voque les travaux sur les technologies de la voiture autonome\"\/><\/figure>\n<p><span class=\"c5\"><strong>Sans confirmer l\u2019id\u00e9e d\u2019un v\u00e9hicule ou d\u2019une technologie propre \u00e0 la marque \u00e0 la pomme.<\/strong><\/span><span id=\"more-373172\"\/><\/p>\n<p>Le patron d\u2019Apple Tim Cook a fait allusion \u00e0 des travaux en cours au sein de son entreprise sur les voitures autonomes, sans confirmer l\u2019id\u00e9e d\u2019un v\u00e9hicule ou d\u2019une technologie propre \u00e0 la marque \u00e0 la pomme, lors d\u2019une interview au New York Times publi\u00e9e lundi. \u00abNous adorons int\u00e9grer des \u00e9quipements \u00e9lectroniques, des logiciels et des services, et trouver les points d\u2019intersections entre ces \u00e9l\u00e9ments, parce que c\u2019est l\u00e0 que se trouve la magie, \u00e0 notre avis. (\u2026) et nous aimons poss\u00e9der la technologie primaire qui permet tout \u00e7a\u00bb, a-t-il d\u00e9clar\u00e9 dans le podcast Sway. Il a refus\u00e9 de commenter les rapports selon lesquels Apple d\u00e9veloppe sa propre voiture ou une technologie de conduite sans chauffeur, mais il a rappel\u00e9 que le groupe californien \u00abexplore beaucoup de choses en interne\u00bb. \u00abBeaucoup d\u2019entre elles ne verront jamais la lumi\u00e8re du jour. Je ne dis pas que c\u2019est le cas de celle-ci\u00bb.<\/p>\n<p>\u00abL\u2019autonomie est la technologie fondamentale, \u00e0 mon avis. Si vous prenez du recul, la voiture, d\u2019une certaine fa\u00e7on, est un robot. Une voiture autonome, c\u2019est un robot. Vous pouvez faire beaucoup de choses avec l\u2019autonomie. Et nous verrons ce qu\u2019Apple fait\u00bb, a-t-il d\u00e9taill\u00e9. Les rumeurs vont bon train depuis plusieurs mois sur de possibles partenariats avec des constructeurs automobiles. D\u00e9but f\u00e9vrier, plusieurs m\u00e9dias annon\u00e7aient que la firme am\u00e9ricaine \u00e9tait sur le point de conclure un accord pour produire ses propres v\u00e9hicules autonomes en coop\u00e9ration avec le g\u00e9ant sud-cor\u00e9en Hyundai. Les deux soci\u00e9t\u00e9s n\u2019avaient pas confirm\u00e9.<\/p>\n<p>Tim Cook a aussi \u00e9t\u00e9 interrog\u00e9 sur les deux grands conflits en cours avec son voisin Facebook, d\u2019une part, et l\u2019\u00e9diteur de jeux vid\u00e9o Epic Games (Fortnite), d\u2019autre part. Le fabricant de l\u2019iPhone est accus\u00e9 par ces deux entreprises et d\u2019autres d\u2019abuser de sa position de plate-forme dominante pour dicter les conditions des relations avec les applications d\u2019une fa\u00e7on qui l\u2019arrange, que ce soit en termes de r\u00e8glements sur la confidentialit\u00e9 des donn\u00e9es ou de commissions sur l\u2019App Store, la plate-forme de t\u00e9l\u00e9chargement des applis.<\/p>\n<p>Apple fait aussi face \u00e0 des enqu\u00eates sur de possibles pratiques anticoncurrentielles de la part des autorit\u00e9s am\u00e9ricaines. Mais le dirigeant a assur\u00e9 que l\u2019entreprise se souciait avant tout de la s\u00e9curit\u00e9 de ses utilisateurs. \u00abApple a aid\u00e9 \u00e0 construire une \u00e9conomie qui rapporte plus de 500 milliards de dollars par an, et ne re\u00e7oit qu\u2019une lichette de ce montant en paiement de toute l\u2019innovation qu\u2019elle a facilit\u00e9e et des co\u00fbts d\u2019op\u00e9ration du magasin (l\u2019App Store). Il est donc difficile \u00e0 mon avis de ne pas consid\u00e9rer l\u2019App Store comme un miracle \u00e9conomique\u00bb, a-t-il affirm\u00e9.<\/p>\n<p>Auteur: ALM<br \/>\n<a href=\"https:\/\/aujourdhui.ma\/automobile\/le-patron-dapple-evoque-les-travaux-sur-les-technologies-de-la-voiture-autonome\">Cliquez ici pour lire l&rsquo;article depuis sa source.<\/a><\/p>\n","protected":false},"excerpt":{"rendered":"<p>Sans confirmer l\u2019id\u00e9e d\u2019un v\u00e9hicule ou d\u2019une technologie propre \u00e0 la marque \u00e0 la pomme. Le patron d\u2019Apple Tim Cook a fait allusion \u00e0 des travaux en cours au sein de son entreprise sur les voitures autonomes, sans confirmer l\u2019id\u00e9e d\u2019un v\u00e9hicule ou d\u2019une technologie propre \u00e0 la marque \u00e0 la pomme, lors d\u2019une interview [&hellip;]<\/p>\n","protected":false},"author":1759,"featured_media":0,"comment_status":"closed","ping_status":"closed","sticky":false,"template":"","format":"standard","meta":{"fifu_image_url":"http:\/\/aujourdhui.ma\/wp-content\/uploads\/2021\/04\/Tim-Cook.jpg","fifu_image_alt":"Le patron d\u2019Apple \u00e9voque les travaux  sur les technologies de la voiture autonome","footnotes":""},"categories":[73,54],"tags":[],"class_list":["post-114470","post","type-post","status-publish","format-standard","hentry","category-actualite","category-maroc"],"_links":{"self":[{"href":"https:\/\/linitiative.ca\/International\/wp-json\/wp\/v2\/posts\/114470","targetHints":{"allow":["GET"]}}],"collection":[{"href":"https:\/\/linitiative.ca\/International\/wp-json\/wp\/v2\/posts"}],"about":[{"href":"https:\/\/linitiative.ca\/International\/wp-json\/wp\/v2\/types\/post"}],"author":[{"embeddable":true,"href":"https:\/\/linitiative.ca\/International\/wp-json\/wp\/v2\/users\/1759"}],"replies":[{"embeddable":true,"href":"https:\/\/linitiative.ca\/International\/wp-json\/wp\/v2\/comments?post=114470"}],"version-history":[{"count":0,"href":"https:\/\/linitiative.ca\/International\/wp-json\/wp\/v2\/posts\/114470\/revisions"}],"wp:attachment":[{"href":"https:\/\/linitiative.ca\/International\/wp-json\/wp\/v2\/media?parent=114470"}],"wp:term":[{"taxonomy":"category","embeddable":true,"href":"https:\/\/linitiative.ca\/International\/wp-json\/wp\/v2\/categories?post=114470"},{"taxonomy":"post_tag","embeddable":true,"href":"https:\/\/linitiative.ca\/International\/wp-json\/wp\/v2\/tags?post=114470"}],"curies":[{"name":"wp","href":"https:\/\/api.w.org\/{rel}","templated":true}]}}