{"id":114471,"date":"2021-04-07T11:34:20","date_gmt":"2021-04-07T15:34:20","guid":{"rendered":"https:\/\/linitiative.ca\/International\/marjane-holding-opte-pour-le-made-in-morocco\/"},"modified":"2021-04-07T11:34:20","modified_gmt":"2021-04-07T15:34:20","slug":"marjane-holding-opte-pour-le-made-in-morocco","status":"publish","type":"post","link":"https:\/\/linitiative.ca\/International\/marjane-holding-opte-pour-le-made-in-morocco\/","title":{"rendered":"Marjane holding opte pour le \u00abmade in morocco\u00bb"},"content":{"rendered":"<figure class=\"post-thumbnail\" itemprop=\"associatedMedia\" itemscope=\"itemscope\" itemtype=\"http:\/\/schema.org\/ImageObject\"><img decoding=\"async\" class=\"post_layout_5_img\" src=\"http:\/\/aujourdhui.ma\/wp-content\/uploads\/2021\/01\/Marjane.jpg\" alt=\"Marjane holding opte pour le \u00abmade in morocco\u00bb\"\/><\/figure>\n<p><span class=\"c5\"><strong>Convention sign\u00e9e avec le minist\u00e8re de l\u2019Industrie pour le d\u00e9veloppement de sourcing local dans le textile et l\u2019agroalimentaire<\/strong><\/span><span id=\"more-373208\"\/><\/p>\n<p>La pr\u00e9f\u00e9rence nationale arrive dans la grande distribution. En effet, deux conventions de partenariat ont \u00e9t\u00e9 sign\u00e9es, mercredi 7 avril 2021, par le Ministre de l\u2019Industrie, du Commerce, de l\u2019Economie Verte et Num\u00e9rique, Moulay Hafid Elalamy, le PDG de Marjane Holding (MH), Ayoub Azami, le Pr\u00e9sident de l\u2019Association Marocaine des Industries du Textile et de l\u2019Habillement (AMITH), Mohamed Boubouh, et le Pr\u00e9sident de la F\u00e9d\u00e9ration Nationale de l\u2019Agroalimentaire (FENAGRI), Abdelmounim El Eulj.<br \/>Visant \u00e0 d\u00e9velopper le sourcing de MH aupr\u00e8s des industriels locaux du textile et de l\u2019agroalimentaire, ce partenariat s\u2019inscrit aux priorit\u00e9s du Plan de relance industrielle mis en \u0153uvre, conform\u00e9ment aux Hautes instructions de Sa Majest\u00e9 Le Roi Mohammed VI, que Dieu L\u2019assiste.<br \/>\u00ab Le d\u00e9veloppement du sourcing aupr\u00e8s des fabricants locaux r\u00e9pond parfaitement \u00e0 la Vision Royale de relancer les secteurs productifs et renforcer leur capacit\u00e9 \u00e0 investir et \u00e0 cr\u00e9er de l\u2019emploi \u00bb, a d\u00e9clar\u00e9 M. Elalamy. Et de souligner que \u00ab la commande des donneurs d\u2019ordre priv\u00e9s, particuli\u00e8rement celle de la Grande et moyenne surface (GMS), peut jouer un r\u00f4le de catalyseur du d\u00e9veloppement du sourcing local, de diversification et de mont\u00e9e en gamme de l\u2019offre des produits r\u00e9pondant aux crit\u00e8res de qualit\u00e9 et de prix exig\u00e9s par le consommateur marocain \u00bb.<br \/>Au terme de la convention relative au sourcing local aupr\u00e8s des industriels du textile, MH adaptera sa politique achat pour le d\u00e9veloppement et l\u2019accompagnement des fabricants nationaux et mettra \u00e0 leur disposition les moyens logistiques pour assurer une pr\u00e9sence de leurs produits sur l\u2019ensemble du parc des magasins hyper. MH mettra en place \u00e9galement, pour son offre permanente, un plan annuel de d\u00e9veloppement du sourcing local aupr\u00e8s des fabricants nationaux du secteur textile, avec les sp\u00e9cifications techniques demand\u00e9es et les quantit\u00e9s cibl\u00e9es par produit. Quant \u00e0 son offre saisonni\u00e8re, MH travaillera avec les fabricants nationaux pour d\u00e9velopper les collections (printemps-\u00e9t\u00e9 et automne-hiver) r\u00e9pondants aux besoins du march\u00e9 marocain.<br \/>\u00ab Cette c\u00e9r\u00e9monie de signature est le reflet de l\u2019engagement total de Marjane Holding, en tant qu\u2019acteur marocain ancr\u00e9 dans son \u00e9cosyst\u00e8me national, \u00e0 jouer son r\u00f4le de locomotive en collaborant au mieux au d\u00e9veloppement du tissu \u00e9conomique marocain que ce soit au niveau de l\u2019industrie du textile ou de l\u2019agro-industrie. Cela fait partie de notre vocation et notre souhait\u2026 Car cela fait partie de notre identit\u00e9\u00bb d\u00e9clare Ayoub Azami, Pr\u00e9sident Directeur G\u00e9n\u00e9ral de Marjane Holding.<br \/>Et de rajouter \u00ab Nous avons la chance au Maroc d\u2019avoir des industries capables de belles performances. En travaillant en synergie avec nos industriels, nous d\u00e9montrons la plupart du temps que nous savons ensemble faire de belles choses. En ce qui concerne l\u2019agro \u2013 industrie par exemple, la part de march\u00e9 du sourcing local des produits marques distributeurs repr\u00e9sentait d\u00e9j\u00e0 65% 2020 et nous ambitionnons d\u2019atteindre les 80% de notre CA en 2024. Pour le textile, nous voudrions porter de 25% \u00e0 75% notre sourcing Maroc d\u2019ici 2024. \u00bb<\/p>\n<p>En concr\u00e9tisation \u00e0 cette convention, un premier lot de 13 conventions de sourcing local a \u00e9t\u00e9 sign\u00e9, \u00e0 l\u2019occasion. Il repr\u00e9sente un montant de 173 millions de dirhams.<br \/>Dans le cadre de la convention de partenariat, l\u2019AMITH s\u2019engage \u00e0 diffuser, aupr\u00e8s des fabricants nationaux, le plan annuel de d\u00e9veloppement du sourcing local de MH, avec les sp\u00e9cifications techniques demand\u00e9es et les quantit\u00e9s cibl\u00e9es par produit, ainsi qu\u2019\u00e0 identifier les op\u00e9rateurs des diff\u00e9rentes fili\u00e8res du secteur \u00e0 m\u00eame de r\u00e9pondre aux besoins de MH. Elle devra \u00e9galement prospecter aupr\u00e8s des fabricants nationaux de nouveaux segments de produits textiles \u00e0 proposer \u00e0 MH afin d\u2019enrichir son sourcing local et \u00e0 assurer le suivi global de la mise en \u0153uvre du partenariat entre les fabricants nationaux et MH.<br \/>Pour ce qui est de la convention relative au sourcing local aupr\u00e8s des industriels du secteur agroalimentaire, MH favorisera le \u00ab Made in Morocco \u00bb et informera les fabricants locaux sur ses besoins (quantit\u00e9s, cahiers des charges, planning de livraison, etc.).<\/p>\n<p>La FENAGRI, de son c\u00f4t\u00e9, s\u2019engage \u00e0 \u00e9tablir une liste des entreprises industrielles du secteur par produit pouvant r\u00e9pondre aux appels d\u2019offres de MH, en concertation avec le minist\u00e8re, \u00e0 la mettre \u00e0 jour et \u00e0 la communiquer p\u00e9riodiquement aux deux partenaires.<br \/>La f\u00e9d\u00e9ration mettra \u00e9galement en place un programme de communication et de sensibilisation aupr\u00e8s des entreprises du secteur pour les faire adh\u00e9rer \u00e0 l\u2019objet de la pr\u00e9sente convention et \u00e0 inciter les entreprises \u00e0 entreprendre les efforts n\u00e9cessaires pour respecter le cahier des charges de MH en pr\u00e9sentant une offre diversifi\u00e9e et satisfaisante en termes de qualit\u00e9 et de prix.<\/p>\n<p>Le minist\u00e8re veillera \u00e0 la mise en \u0153uvre de ce plan de d\u00e9veloppement de sourcing de MH aupr\u00e8s des industriels nationaux concern\u00e9s, notamment en offrant l\u2019accompagnement n\u00e9cessaire pour soutenir leurs investissements visant le renforcement et la modernisation de leur capacit\u00e9 de production. Il \u0153uvrera aussi \u00e0 faciliter le travail de prospection de MH et la mise en contact avec l\u2019AMITH, la FENAGRI et les fabricants nationaux des secteurs du textile et de l\u2019agroalimentaire.<\/p>\n<p>Auteur: ALM<br \/>\n<a href=\"https:\/\/aujourdhui.ma\/economie\/marjane-holding-opte-pour-le-made-in-morocco\">Cliquez ici pour lire l&rsquo;article depuis sa source.<\/a><\/p>\n","protected":false},"excerpt":{"rendered":"<p>Convention sign\u00e9e avec le minist\u00e8re de l\u2019Industrie pour le d\u00e9veloppement de sourcing local dans le textile et l\u2019agroalimentaire La pr\u00e9f\u00e9rence nationale arrive dans la grande distribution. En effet, deux conventions de partenariat ont \u00e9t\u00e9 sign\u00e9es, mercredi 7 avril 2021, par le Ministre de l\u2019Industrie, du Commerce, de l\u2019Economie Verte et Num\u00e9rique, Moulay Hafid Elalamy, le [&hellip;]<\/p>\n","protected":false},"author":1759,"featured_media":0,"comment_status":"closed","ping_status":"closed","sticky":false,"template":"","format":"standard","meta":{"fifu_image_url":"http:\/\/aujourdhui.ma\/wp-content\/uploads\/2021\/01\/Marjane.jpg","fifu_image_alt":"Marjane holding opte pour le \u00abmade in morocco\u00bb","footnotes":""},"categories":[73,54],"tags":[],"class_list":["post-114471","post","type-post","status-publish","format-standard","hentry","category-actualite","category-maroc"],"_links":{"self":[{"href":"https:\/\/linitiative.ca\/International\/wp-json\/wp\/v2\/posts\/114471","targetHints":{"allow":["GET"]}}],"collection":[{"href":"https:\/\/linitiative.ca\/International\/wp-json\/wp\/v2\/posts"}],"about":[{"href":"https:\/\/linitiative.ca\/International\/wp-json\/wp\/v2\/types\/post"}],"author":[{"embeddable":true,"href":"https:\/\/linitiative.ca\/International\/wp-json\/wp\/v2\/users\/1759"}],"replies":[{"embeddable":true,"href":"https:\/\/linitiative.ca\/International\/wp-json\/wp\/v2\/comments?post=114471"}],"version-history":[{"count":0,"href":"https:\/\/linitiative.ca\/International\/wp-json\/wp\/v2\/posts\/114471\/revisions"}],"wp:attachment":[{"href":"https:\/\/linitiative.ca\/International\/wp-json\/wp\/v2\/media?parent=114471"}],"wp:term":[{"taxonomy":"category","embeddable":true,"href":"https:\/\/linitiative.ca\/International\/wp-json\/wp\/v2\/categories?post=114471"},{"taxonomy":"post_tag","embeddable":true,"href":"https:\/\/linitiative.ca\/International\/wp-json\/wp\/v2\/tags?post=114471"}],"curies":[{"name":"wp","href":"https:\/\/api.w.org\/{rel}","templated":true}]}}