{"id":114472,"date":"2021-04-06T14:00:53","date_gmt":"2021-04-06T18:00:53","guid":{"rendered":"https:\/\/linitiative.ca\/International\/%ef%bb%bfla-30e-edition-reportee-a-lautomne-prochain\/"},"modified":"2021-04-06T14:00:53","modified_gmt":"2021-04-06T18:00:53","slug":"%ef%bb%bfla-30e-edition-reportee-a-lautomne-prochain","status":"publish","type":"post","link":"https:\/\/linitiative.ca\/International\/%ef%bb%bfla-30e-edition-reportee-a-lautomne-prochain\/","title":{"rendered":"\ufeffLa 30\u00e8 \u00e9dition report\u00e9e \u00e0 l\u2019automne prochain"},"content":{"rendered":"<p class=\"has-text-color has-vivid-red-color c1\"><strong>Rallye A\u00efcha des Gazelles<\/strong><\/p>\n<p><strong>La 30\u00e8 \u00e9dition du Rallye A\u00efcha des Gazelles, initialement pr\u00e9vue en mai a \u00e9t\u00e9 report\u00e9e jusqu\u2019\u00e0 l\u2019automne 2021 en raison du contexte sanitaire li\u00e9 \u00e0 la pand\u00e9mie mondiale du Covid-19, apprend-on aupr\u00e8s des organisateurs.<\/strong><\/p>\n<p>\u00ab\u00a0La 30\u00e8me \u00e9dition du Rallye A\u00efcha des Gazelles du Maroc aura lieu du 17 septembre (V\u00e9rifications administratives et techniques) \u00e0 Nice, au 2 octobre 2021 (Arriv\u00e9e officielle) \u00e0 Essaouira, indique l\u2019\u00e9quipe organisatrice sur son site.<\/p>\n<p>Selon Dominique Serra, fondatrice du Rallye, toute l\u2019\u00e9quipe du Rallye s\u2019est pr\u00e9par\u00e9e pour organiser cette \u00e9dition de la meilleure des mani\u00e8res, \u00ab\u00a0mais les circonstances plan\u00e9taires ont jou\u00e9 encore contre nous\u00a0\u00bb.<\/p>\n<p>Le Maroc vient de fermer ses fronti\u00e8res avec la France et l\u2019Espagne pour se pr\u00e9munir contre une troisi\u00e8me vague de l\u2019\u00e9pid\u00e9mie de Coronavirus, a indiqu\u00e9 la fondatrice du Rallye, affirmant qu\u2019il faut comprendre cette d\u00e9cision et l\u2019accepter \u00ab\u00a0si l\u2019on aime autant ce pays que je l\u2019aime\u00a0\u00bb.<\/p>\n<p>De nouveau report\u00e9, le Rallye A\u00efcha des Gazelles aura lieu du 17 septembre au 2 octobre, date d\u2019arriv\u00e9e \u00e0 Essaouira: \u00ab\u00a0c\u2019est notre nouvel objectif que nous devons toutes et tous nous donner, continuer de se pr\u00e9parer (\u2026) et au-del\u00e0 de tout conserver son \u00e9nergie !\u00a0\u00bb, a soulign\u00e9 Dominique Serra.<\/p>\n<p>Le Rallye A\u00efcha des Gazelles du Maroc est le seul Rallye-Raid hors-piste 100% f\u00e9minin au monde. Unique en son genre depuis 1990, il rassemble chaque ann\u00e9e dans le d\u00e9sert marocain, des femmes de 18 \u00e0 71 ans de diff\u00e9rentes nationalit\u00e9s.<\/p>\n<p>Pour sa 30\u00e8me \u00e9dition, une \u00e9dition anniversaire, le Rallye, qui doit prendre son d\u00e9part depuis la ville de Nice, doit r\u00e9unir 419 participantes.<\/p>\n<p>Le Rallye d\u00e9veloppe depuis sa naissance une autre vision de la comp\u00e9tition automobile : pas de vitesse, pas de GPS mais une navigation \u00e0 l\u2019ancienne, uniquement en hors-piste pour un retour aux sources de l\u2019aventure.<\/p>\n<p>Aux commandes d\u2019un 4\u00d74, d\u2019un crossover, d\u2019un crossover hybride, d\u2019un quad, d\u2019un SSV, d\u2019un camion, d\u2019une moto ou d\u2019un v\u00e9hicule \u00e9lectrique, les participantes doivent surpasser leurs limites et faire preuve de pers\u00e9v\u00e9rance et de d\u00e9termination pour parcourir plus de 1500 Km, en dunes, avec seulement des cartes, des boussoles, des r\u00e8gles et crayons pour s\u2019orienter et surtout trouver le chemin le plus court en un minimum de temps. Un d\u00e9fi qu\u2019elles sont nombreuses \u00e0 vouloir relever chaque ann\u00e9e depuis une trentaine d\u2019ann\u00e9es.<\/p>\n<p>Auteur: M&rsquo;hammed rahal<br \/>\n<a href=\"http:\/\/albayane.press.ma\/%EF%BB%BFla-30e-edition-reportee-a-lautomne-prochain.html\">Cliquez ici pour lire l&rsquo;article depuis sa source.<\/a><\/p>\n","protected":false},"excerpt":{"rendered":"<p>Rallye A\u00efcha des Gazelles La 30\u00e8 \u00e9dition du Rallye A\u00efcha des Gazelles, initialement pr\u00e9vue en mai a \u00e9t\u00e9 report\u00e9e jusqu\u2019\u00e0 l\u2019automne 2021 en raison du contexte sanitaire li\u00e9 \u00e0 la pand\u00e9mie mondiale du Covid-19, apprend-on aupr\u00e8s des organisateurs. \u00ab\u00a0La 30\u00e8me \u00e9dition du Rallye A\u00efcha des Gazelles du Maroc aura lieu du 17 septembre (V\u00e9rifications administratives [&hellip;]<\/p>\n","protected":false},"author":1760,"featured_media":0,"comment_status":"closed","ping_status":"closed","sticky":false,"template":"","format":"standard","meta":{"fifu_image_url":"","fifu_image_alt":"","footnotes":""},"categories":[73,54],"tags":[],"class_list":["post-114472","post","type-post","status-publish","format-standard","hentry","category-actualite","category-maroc"],"_links":{"self":[{"href":"https:\/\/linitiative.ca\/International\/wp-json\/wp\/v2\/posts\/114472","targetHints":{"allow":["GET"]}}],"collection":[{"href":"https:\/\/linitiative.ca\/International\/wp-json\/wp\/v2\/posts"}],"about":[{"href":"https:\/\/linitiative.ca\/International\/wp-json\/wp\/v2\/types\/post"}],"author":[{"embeddable":true,"href":"https:\/\/linitiative.ca\/International\/wp-json\/wp\/v2\/users\/1760"}],"replies":[{"embeddable":true,"href":"https:\/\/linitiative.ca\/International\/wp-json\/wp\/v2\/comments?post=114472"}],"version-history":[{"count":0,"href":"https:\/\/linitiative.ca\/International\/wp-json\/wp\/v2\/posts\/114472\/revisions"}],"wp:attachment":[{"href":"https:\/\/linitiative.ca\/International\/wp-json\/wp\/v2\/media?parent=114472"}],"wp:term":[{"taxonomy":"category","embeddable":true,"href":"https:\/\/linitiative.ca\/International\/wp-json\/wp\/v2\/categories?post=114472"},{"taxonomy":"post_tag","embeddable":true,"href":"https:\/\/linitiative.ca\/International\/wp-json\/wp\/v2\/tags?post=114472"}],"curies":[{"name":"wp","href":"https:\/\/api.w.org\/{rel}","templated":true}]}}