{"id":114474,"date":"2021-04-06T14:00:54","date_gmt":"2021-04-06T18:00:54","guid":{"rendered":"https:\/\/linitiative.ca\/International\/%ef%bb%bfune-heroique-epopee-et-une-page-glorieuse-de-la-lutte-pour-la-liberte-et-lindependance\/"},"modified":"2021-04-06T14:00:54","modified_gmt":"2021-04-06T18:00:54","slug":"%ef%bb%bfune-heroique-epopee-et-une-page-glorieuse-de-la-lutte-pour-la-liberte-et-lindependance","status":"publish","type":"post","link":"https:\/\/linitiative.ca\/International\/%ef%bb%bfune-heroique-epopee-et-une-page-glorieuse-de-la-lutte-pour-la-liberte-et-lindependance\/","title":{"rendered":"\ufeffUne h\u00e9ro\u00efque \u00e9pop\u00e9e et une page glorieuse de la lutte pour la libert\u00e9 et l\u2019ind\u00e9pendance"},"content":{"rendered":"<p class=\"has-text-color has-vivid-cyan-blue-color c1\"><strong>\u00c9v\u00e8nements du 7 avril 1947 \u00e0 Casablanca<\/strong><\/p>\n<figure class=\"wp-block-image is-resized\"><img loading=\"lazy\" decoding=\"async\" src=\"http:\/\/albayane.press.ma\/wp-content\/uploads\/OUV244.jpg\" alt=\"\" class=\"wp-image-109595\" width=\"465\" height=\"275\"\/><\/figure>\n<p><strong>Le peuple marocain et \u00e0 sa t\u00eate la famille du mouvement national, de la r\u00e9sistance et de l\u2019Arm\u00e9e de lib\u00e9ration, et les habitants de la m\u00e9tropole, comm\u00e9more mercredi le 74\u00e8me anniversaire des \u00e9v\u00e8nements du 7 avril 1947 \u00e0 Casablanca, qui constituent une page glorieuse de la lutte pour la libert\u00e9 et l\u2019ind\u00e9pendance et une occasion propice de se rem\u00e9morer les valeurs nobles des braves r\u00e9sistants et martyrs de la Nation.<\/strong><\/p>\n<p>Le 7 avril 1947, les forces coloniales ont commis un massacre \u00e0 l\u2019encontre des habitants de Casablanca, dans une tentative d\u00e9sesp\u00e9r\u00e9e d\u2019emp\u00eacher Feu Sa Majest\u00e9 Mohammed V d\u2019accomplir sa visite historique \u00e0 la ville de Tanger.<\/p>\n<p>En cette journ\u00e9e m\u00e9morable, la population de Casablanca a tenu t\u00eate aux forces coloniales qui n\u2019ont pas h\u00e9sit\u00e9 \u00e0 attaquer sauvagement les habitants. Des op\u00e9rations sanglantes ont vis\u00e9 plusieurs quartiers de la ville, faisant des centaines de morts et de bless\u00e9s.<\/p>\n<p>Cet \u00e9pisode rappelle les sacrifices consentis par les habitants de Casablanca, qui ont joint leur mouvement \u00e0 l\u2019action men\u00e9e par les r\u00e9sistants et l\u2019arm\u00e9e de lib\u00e9ration pour la d\u00e9fense des constantes et des valeurs sacr\u00e9es de la patrie.<\/p>\n<p>Cette r\u00e9pression sauvage, accompagn\u00e9e d\u2019op\u00e9rations d\u2019arrestation des militants et nationalistes marocains, n\u2019a toutefois pas r\u00e9ussi \u00e0 alt\u00e9rer l\u2019agenda de Feu SM Mohammed V, qui a maintenu sa visite \u00e0 Tanger.<\/p>\n<p>La visite du regrett\u00e9 souverain \u00e0 la ville du D\u00e9troit a d\u00e9jou\u00e9 les plans inavou\u00e9s du colonisateur et f\u00fbt l\u2019occasion de prononcer le c\u00e9l\u00e8bre discours historique de Tanger, dans lequel Feu SM Mohammed V a soulign\u00e9 la volont\u00e9 du peuple marocain de r\u00e9clamer son ind\u00e9pendance.<\/p>\n<p>Les \u00e9v\u00e9nements du 7 avril 1947 ont d\u00e9clench\u00e9 une vaste gr\u00e8ve g\u00e9n\u00e9rale dans les villes marocaines et renforc\u00e9 l\u2019\u00e9tat de mobilisation g\u00e9n\u00e9rale en faveur de l\u2019ind\u00e9pendance du Royaume.<\/p>\n<p>Ces \u00e9v\u00e8nements sanglants ont aussi confort\u00e9 les Marocains dans leur sentiment patriotique et leur militantisme visant \u00e0 mettre fin \u00e0 l\u2019occupation, de m\u00eame qu\u2019ils ont renforc\u00e9 leur mobilisation derri\u00e8re le P\u00e8re de la Nation dans la lutte pour l\u2019ind\u00e9pendance du pays.<\/p>\n<p>La comm\u00e9moration des \u00e9v\u00e9nements du 7 avril 1947 refl\u00e8te l\u2019int\u00e9r\u00eat port\u00e9 \u00e0 l\u2019histoire de la r\u00e9sistance nationale afin qu\u2019elle reste vivace dans la m\u00e9moire collective du peuple marocain et serve de r\u00e9f\u00e9rence pour les g\u00e9n\u00e9rations montantes.<\/p>\n<p>Elle constitue \u00e9galement une opportunit\u00e9 pour rendre hommage aux sacrifices consentis par les nationalistes marocains en g\u00e9n\u00e9ral et casablancais tout particuli\u00e8rement pour l\u2019ind\u00e9pendance et la lib\u00e9ration du pays, et c\u00e9l\u00e9brer les valeurs de patriotisme, d\u2019h\u00e9ro\u00efsme, de bravoure et de sacrifice qui ont marqu\u00e9 ce noble combat.<\/p>\n<p>La comm\u00e9moration de ces \u00e9v\u00e8nements se veut aussi un hommage aux anciens r\u00e9sistants et patriotes, en reconnaissance des sacrifices qu\u2019ils ont consentis au service de la Patrie, de leur sens \u00e9lev\u00e9 de patriotisme sinc\u00e8re et de leur engagement total dans la pr\u00e9servation et le renforcement de l\u2019unit\u00e9 nationale.<\/p>\n<p>En comm\u00e9moration de cet \u00e9v\u00e9nement historique, la d\u00e9l\u00e9gation r\u00e9gionale du Haut commissariat aux anciens r\u00e9sistants et anciens membres de l\u2019arm\u00e9e de lib\u00e9ration ainsi que les d\u00e9l\u00e9gations provinciales et espaces de la m\u00e9moire historique de la r\u00e9sistance et la lib\u00e9ration dans la r\u00e9gion Casablanca-Settat, a \u00e9labor\u00e9 un programme riche qui comprend outre l\u2019allocution en mode virtuel du Haut-commissaire aux anciens r\u00e9sistants et anciens membres de l\u2019Arm\u00e9e de lib\u00e9ration, Mustapha El Ktiri, des activit\u00e9s \u00e9ducatives, culturelles et de communication autour de la m\u00e9moire historique dans ses volets national et local.<\/p>\n<p>En plus de l\u2019organisation d\u2019une panoplie d\u2019activit\u00e9s et de visites en pr\u00e9sentiel et en mode virtuel au niveau des espaces de la m\u00e9moire historique de la r\u00e9sistance et de la lib\u00e9ration dans la r\u00e9gion avec la participation notamment de la famille de la r\u00e9sistance et de l\u2019arm\u00e9e de lib\u00e9ration et d\u2019acteurs de la soci\u00e9t\u00e9 civile, le programme pr\u00e9voit un colloque sur les \u00e9v\u00e9nements du 7 avril 1947, avec la participation d\u2019enseignants, de chercheurs et de personnes int\u00e9ress\u00e9es par l\u2019histoire du mouvement national, de la r\u00e9sistance et de la lib\u00e9ration.<\/p>\n<p>En ce glorieux anniversaire, et dans le cadre de l\u2019attachement du Haut commissariat aux anciens r\u00e9sistants et anciens membres de l\u2019arm\u00e9e de lib\u00e9ration \u00e0 am\u00e9liorer la situation mat\u00e9rielle et sociale des membres de la famille de la r\u00e9sistance et l\u2019arm\u00e9e de lib\u00e9ration, en particulier les familles n\u00e9cessiteuses dans le contexte de la pand\u00e9mie de covid-19, des aides financi\u00e8res et sociales leur seront remises \u00e0 cette occasion.<\/p>\n<p>Auteur: M&rsquo;hammed rahal<br \/>\n<a href=\"http:\/\/albayane.press.ma\/%EF%BB%BFune-heroique-epopee-et-une-page-glorieuse-de-la-lutte-pour-la-liberte-et-lindependance.html\">Cliquez ici pour lire l&rsquo;article depuis sa source.<\/a><\/p>\n","protected":false},"excerpt":{"rendered":"<p>\u00c9v\u00e8nements du 7 avril 1947 \u00e0 Casablanca Le peuple marocain et \u00e0 sa t\u00eate la famille du mouvement national, de la r\u00e9sistance et de l\u2019Arm\u00e9e de lib\u00e9ration, et les habitants de la m\u00e9tropole, comm\u00e9more mercredi le 74\u00e8me anniversaire des \u00e9v\u00e8nements du 7 avril 1947 \u00e0 Casablanca, qui constituent une page glorieuse de la lutte pour [&hellip;]<\/p>\n","protected":false},"author":1760,"featured_media":0,"comment_status":"closed","ping_status":"closed","sticky":false,"template":"","format":"standard","meta":{"fifu_image_url":"http:\/\/albayane.press.ma\/wp-content\/uploads\/OUV244.jpg","fifu_image_alt":"\ufeffUne h\u00e9ro\u00efque \u00e9pop\u00e9e et une page glorieuse de la lutte pour la libert\u00e9 et l\u2019ind\u00e9pendance","footnotes":""},"categories":[73,54],"tags":[],"class_list":["post-114474","post","type-post","status-publish","format-standard","hentry","category-actualite","category-maroc"],"_links":{"self":[{"href":"https:\/\/linitiative.ca\/International\/wp-json\/wp\/v2\/posts\/114474","targetHints":{"allow":["GET"]}}],"collection":[{"href":"https:\/\/linitiative.ca\/International\/wp-json\/wp\/v2\/posts"}],"about":[{"href":"https:\/\/linitiative.ca\/International\/wp-json\/wp\/v2\/types\/post"}],"author":[{"embeddable":true,"href":"https:\/\/linitiative.ca\/International\/wp-json\/wp\/v2\/users\/1760"}],"replies":[{"embeddable":true,"href":"https:\/\/linitiative.ca\/International\/wp-json\/wp\/v2\/comments?post=114474"}],"version-history":[{"count":0,"href":"https:\/\/linitiative.ca\/International\/wp-json\/wp\/v2\/posts\/114474\/revisions"}],"wp:attachment":[{"href":"https:\/\/linitiative.ca\/International\/wp-json\/wp\/v2\/media?parent=114474"}],"wp:term":[{"taxonomy":"category","embeddable":true,"href":"https:\/\/linitiative.ca\/International\/wp-json\/wp\/v2\/categories?post=114474"},{"taxonomy":"post_tag","embeddable":true,"href":"https:\/\/linitiative.ca\/International\/wp-json\/wp\/v2\/tags?post=114474"}],"curies":[{"name":"wp","href":"https:\/\/api.w.org\/{rel}","templated":true}]}}