{"id":114475,"date":"2021-04-06T14:00:56","date_gmt":"2021-04-06T18:00:56","guid":{"rendered":"https:\/\/linitiative.ca\/International\/netanyahu-designe-pour-former-le-prochain-gouvernement-%ef%bb%bf\/"},"modified":"2021-04-06T14:00:56","modified_gmt":"2021-04-06T18:00:56","slug":"netanyahu-designe-pour-former-le-prochain-gouvernement-%ef%bb%bf","status":"publish","type":"post","link":"https:\/\/linitiative.ca\/International\/netanyahu-designe-pour-former-le-prochain-gouvernement-%ef%bb%bf\/","title":{"rendered":"Netanyahu d\u00e9sign\u00e9 pour former le prochain gouvernement \ufeff"},"content":{"rendered":"<p class=\"has-text-color has-vivid-cyan-blue-color c1\"><strong>Premier chef de gouvernement d\u2019Isra\u00ebl accus\u00e9 de corruption<\/strong><\/p>\n<p><strong>Le Premier ministre sortant Benjamin Netanyahu, inculp\u00e9 pour corruption, a \u00e9t\u00e9 d\u00e9sign\u00e9 mardi pour former le prochain gouvernement isra\u00e9lien malgr\u00e9 son incapacit\u00e9 \u00e0 r\u00e9unir suffisamment de soutiens au Parlement, sur fond de vives divisions politiques.<\/strong><\/p>\n<p>Deux semaines apr\u00e8s des l\u00e9gislatives aux airs de r\u00e9f\u00e9rendum pour ou contre le Premier ministre le plus p\u00e9renne de l\u2019histoire d\u2019Isra\u00ebl, celui-ci a \u00e9t\u00e9 d\u00e9sign\u00e9 par le pr\u00e9sident Reuven Rivlin pour mettre sur pied une nouvelle \u00e9quipe minist\u00e9rielle.<\/p>\n<p>\u00ab\u00a0J\u2019ai pris ma d\u00e9cision sur la base des recommandations (des partis), qui indiquent que le d\u00e9put\u00e9 Benjamin Netanyahu a une plus grande possibilit\u00e9 de former un gouvernement\u00a0\u00bb, a dit le pr\u00e9sident Rivlin dans une d\u00e9claration t\u00e9l\u00e9vis\u00e9e. \u00ab\u00a0C\u2019est pourquoi j\u2019ai d\u00e9cid\u00e9 de le charger de former un gouvernement\u00a0\u00bb.<\/p>\n<p>\u00ab\u00a0Ce n\u2019est pas une d\u00e9cision facile pour moi, tant moralement qu\u2019\u00e9thiquement\u00a0\u00bb, a ajout\u00e9 cet ancien membre du Likoud, le parti de droite de M. Netanyahu, au lendemain de la reprise du proc\u00e8s du Premier ministre inculp\u00e9 pour corruption dans trois affaires.<\/p>\n<p>Habituellement, le pr\u00e9sident d\u00e9signe le candidat ayant re\u00e7u le soutien de 61 d\u00e9put\u00e9s, mais \u00ab\u00a0aucun candidat n\u2019a de r\u00e9elle possibilit\u00e9\u00a0\u00bb de parvenir \u00e0 ce seuil, a estim\u00e9 M. Rivlin, dont la m\u00e9sentente avec le Premier ministre sortant est connue.<\/p>\n<p>M. Netanyahu, avec ses alli\u00e9s des partis ultra-orthodoxes et le parti d\u2019extr\u00eame droite \u00ab\u00a0Sionisme religieux\u00a0\u00bb, a obtenu lundi le soutien de 52 parlementaires.<\/p>\n<p>En face de lui, le centriste Ya\u00efr Lapid a \u00e9t\u00e9 recommand\u00e9 par 45 d\u00e9put\u00e9s, d\u00e9termin\u00e9s \u00e0 chasser du pouvoir M. Netanyahu.<\/p>\n<p>Premier chef de gouvernement de l\u2019histoire d\u2019Isra\u00ebl \u00e0 faire face \u00e0 des accusations criminelles en cours de mandat, M. Netanyahu est accus\u00e9 de corruption, fraude et abus de confiance dans trois affaires, des charges qu\u2019il nie fermement.<\/p>\n<p>\u00ab\u00a0Je connais la position que beaucoup partagent, selon laquelle le pr\u00e9sident ne devrait pas confier cette t\u00e2che \u00e0 un candidat qui fait face \u00e0 des accusations criminelles, mais selon la loi et la d\u00e9cision des tribunaux, un Premier ministre peut continuer \u00e0 jouer son r\u00f4le m\u00eame lorsqu\u2019il est confront\u00e9 \u00e0 des accusations\u00a0\u00bb, a affirm\u00e9 M. Rivlin mardi.<\/p>\n<p>R\u00e9agissant \u00e0 la d\u00e9signation de M. Netanyahu, son principal rival Ya\u00efr Lapid a estim\u00e9 que le pr\u00e9sident avait \u00ab\u00a0accompli son devoir et n\u2019avait pas le choix, mais confier le mandat \u00e0 Netanyahu est une honte qui ternit Isra\u00ebl et fait honte \u00e0 notre statut d\u2019Etat respectueux des lois\u00a0\u00bb.<\/p>\n<p>Hasard du calendrier, les discussions entre les partis et le pr\u00e9sident ont co\u00efncid\u00e9 avec la reprise du proc\u00e8s de M. Netanyahu, accus\u00e9 par la procureure principale d\u2019avoir us\u00e9 de fa\u00e7on \u00ab\u00a0ill\u00e9gitime\u00a0\u00bb de son pouvoir.<br \/>L\u2019int\u00e9ress\u00e9 a r\u00e9agi accusant \u00e0 son tour le bureau du procureur d\u2019avoir \u00ab\u00a0us\u00e9 de fa\u00e7on ill\u00e9gitime du pouvoir qui lui a \u00e9t\u00e9 conf\u00e9r\u00e9\u00a0\u00bb, reprenant les termes exacts de la procureure.<\/p>\n<p>Dans l\u2019imm\u00e9diat, son proc\u00e8s ne menace pas ses ambitions puisqu\u2019il n\u2019aurait \u00e0 d\u00e9missionner qu\u2019en cas de condamnation d\u00e9finitive, et l\u2019\u00e9puisement de tous les recours pourrait prendre des ann\u00e9es.<\/p>\n<p>La t\u00e2che de M. Netanyahu s\u2019annonce complexe tant le pays est divis\u00e9: le paysage politique est \u00e9clat\u00e9 avec 13 partis se partageant les 120 si\u00e8ges au Parlement.<\/p>\n<p>M. Netanyahu, 71 ans, pourrait tendre la main \u00e0 son ancien poulain Naftali Bennett, devenu chef de file de la droite radicale.<\/p>\n<p>Celui-ci n\u2019a recommand\u00e9 ni M. Netanyahu ni M. Lapid et ne s\u2019est pas exprim\u00e9 sur ses intentions mais doit s\u2019exprimer dans la journ\u00e9e avant la prestation de serment des nouveaux d\u00e9put\u00e9s.<\/p>\n<p>M. Lapid avait propos\u00e9 lundi \u00e0 M. Bennett de former un gouvernement d\u2019union bas\u00e9 sur une rotation: M. Bennett serait Premier ministre en premier, avant M. Lapid, mais il n\u2019a pas encore r\u00e9pondu \u00e0 cette main tendue.<\/p>\n<p>Il y a aussi Mansour Abbas, dont le parti islamiste Raam a cr\u00e9\u00e9 la surprise aux \u00e9lections en remportant quatre si\u00e8ges. Il n\u2019a recommand\u00e9 aucun candidat aupr\u00e8s du pr\u00e9sident lundi et a dit qu\u2019il n\u00e9gocierait avec la personne d\u00e9sign\u00e9e.<\/p>\n<p>Probl\u00e8me: la formation d\u2019extr\u00eame droite \u00ab\u00a0Sionisme religieux\u00a0\u00bb alli\u00e9e de M. Netanyahu refuse cat\u00e9goriquement de faire partie d\u2019une alliance avec Raam.<\/p>\n<p>Habituellement, le candidat d\u00e9sign\u00e9 dispose de 28 jours pour former un gouvernement, d\u00e9lai qui peut \u00eatre allong\u00e9 de 14 jours. En cas d\u2019\u00e9chec, de nouvelles \u00e9lections pourraient \u00eatre convoqu\u00e9es, prolongeant la crise en Isra\u00ebl.<\/p>\n<p>Auteur: M&rsquo;hammed rahal<br \/>\n<a href=\"http:\/\/albayane.press.ma\/netanyahu-designe-pour-former-le-prochain-gouvernement-%EF%BB%BF.html\">Cliquez ici pour lire l&rsquo;article depuis sa source.<\/a><\/p>\n","protected":false},"excerpt":{"rendered":"<p>Premier chef de gouvernement d\u2019Isra\u00ebl accus\u00e9 de corruption Le Premier ministre sortant Benjamin Netanyahu, inculp\u00e9 pour corruption, a \u00e9t\u00e9 d\u00e9sign\u00e9 mardi pour former le prochain gouvernement isra\u00e9lien malgr\u00e9 son incapacit\u00e9 \u00e0 r\u00e9unir suffisamment de soutiens au Parlement, sur fond de vives divisions politiques. Deux semaines apr\u00e8s des l\u00e9gislatives aux airs de r\u00e9f\u00e9rendum pour ou contre [&hellip;]<\/p>\n","protected":false},"author":1760,"featured_media":0,"comment_status":"closed","ping_status":"closed","sticky":false,"template":"","format":"standard","meta":{"fifu_image_url":"","fifu_image_alt":"","footnotes":""},"categories":[73,54],"tags":[],"class_list":["post-114475","post","type-post","status-publish","format-standard","hentry","category-actualite","category-maroc"],"_links":{"self":[{"href":"https:\/\/linitiative.ca\/International\/wp-json\/wp\/v2\/posts\/114475","targetHints":{"allow":["GET"]}}],"collection":[{"href":"https:\/\/linitiative.ca\/International\/wp-json\/wp\/v2\/posts"}],"about":[{"href":"https:\/\/linitiative.ca\/International\/wp-json\/wp\/v2\/types\/post"}],"author":[{"embeddable":true,"href":"https:\/\/linitiative.ca\/International\/wp-json\/wp\/v2\/users\/1760"}],"replies":[{"embeddable":true,"href":"https:\/\/linitiative.ca\/International\/wp-json\/wp\/v2\/comments?post=114475"}],"version-history":[{"count":0,"href":"https:\/\/linitiative.ca\/International\/wp-json\/wp\/v2\/posts\/114475\/revisions"}],"wp:attachment":[{"href":"https:\/\/linitiative.ca\/International\/wp-json\/wp\/v2\/media?parent=114475"}],"wp:term":[{"taxonomy":"category","embeddable":true,"href":"https:\/\/linitiative.ca\/International\/wp-json\/wp\/v2\/categories?post=114475"},{"taxonomy":"post_tag","embeddable":true,"href":"https:\/\/linitiative.ca\/International\/wp-json\/wp\/v2\/tags?post=114475"}],"curies":[{"name":"wp","href":"https:\/\/api.w.org\/{rel}","templated":true}]}}