{"id":114476,"date":"2021-04-06T14:00:57","date_gmt":"2021-04-06T18:00:57","guid":{"rendered":"https:\/\/linitiative.ca\/International\/%ef%bb%bfredressement-de-leconomie-de-07\/"},"modified":"2021-04-06T14:00:57","modified_gmt":"2021-04-06T18:00:57","slug":"%ef%bb%bfredressement-de-leconomie-de-07","status":"publish","type":"post","link":"https:\/\/linitiative.ca\/International\/%ef%bb%bfredressement-de-leconomie-de-07\/","title":{"rendered":"\ufeffRedressement de l\u2019\u00e9conomie de 0,7%"},"content":{"rendered":"<p class=\"has-text-color has-vivid-cyan-blue-color c1\"><strong>Note de conjoncture du Haut-Commissariat au Plan<\/strong><\/p>\n<p><strong>L\u2019activit\u00e9 \u00e9conomique se serait redress\u00e9e de 0,7% au premier trimestre 2021, apr\u00e8s quatre trimestres de baisses successives, estime le Haut-Commissariat au Plan (HCP).<\/strong><\/p>\n<p>Cette \u00e9volution serait attribuable \u00e0 l\u2019accroissement de 13,7% de la valeur ajout\u00e9e agricole, dans un contexte d\u2019une baisse de 1% de la valeur ajout\u00e9e non-agricole, au lieu de -5,5% un trimestre plus t\u00f4t, explique le HCP dans sa r\u00e9cente note de conjoncture.<\/p>\n<p>Les branches tertiaires auraient poursuivi leur baisse \u00e0 un rythme moins accentu\u00e9 en comparaison avec le trimestre pr\u00e9c\u00e9dent, contribuant pour -0,7 point \u00e0 l\u2019\u00e9volution du PIB, au lieu de -3,8 points un trimestre auparavant, poursuit la m\u00eame source. Les activit\u00e9s secondaires auraient, pour leur part, affich\u00e9 une baisse limit\u00e9e \u00e0 0,3%, au lieu de 1,6% un trimestre auparavant, contribuant pour -0,1 point. L\u2019industrie manufacturi\u00e8re aurait fl\u00e9chi de 0,8%, au premier trimestre 2021, apr\u00e8s -1,6% un trimestre auparavant.<\/p>\n<p>Cette \u00e9volution aurait \u00e9t\u00e9 port\u00e9e par la bonne tenue de l\u2019activit\u00e9 des industries agroalimentaires et chimiques, tandis que les industries de textile et des m\u00e9tallurgiques, m\u00e9caniques et \u00e9lectrom\u00e9caniques (IMME) auraient continu\u00e9 de p\u00e2tir du ralentissement de la demande ext\u00e9rieure. Dans la branche de la construction, la valeur ajout\u00e9e aurait conserv\u00e9 son \u00e9volution mod\u00e9r\u00e9e, p\u00e2tissant du repli de l\u2019activit\u00e9 des \u00ab\u00a0Travaux de construction sp\u00e9cialis\u00e9s\u00a0\u00bb et du \u00ab\u00a0G\u00e9nie civil\u00a0\u00bb.<\/p>\n<p>Le HCP fait \u00e9galement savoir que la valeur ajout\u00e9e mini\u00e8re aurait, pour sa part, progress\u00e9 de 3,1% au premier trimestre 2021, en variation annuelle, au lieu de -0,4% une ann\u00e9e auparavant. La vigueur de la demande des industries locales de transformation, qui avait entrain\u00e9 une hausse de 5,6% de l\u2019extraction des minerais non-m\u00e9talliques en 2020, se serait maintenue au d\u00e9but de 2021, gr\u00e2ce au raffermissement des exportations des d\u00e9riv\u00e9s du phosphate destin\u00e9es au Br\u00e9sil, \u00e0 l\u2019Inde et aux pays de l\u2019Afrique de l\u2019Est.<\/p>\n<p>La dynamique de production des minerais non-m\u00e9talliques se serait, n\u00e9anmoins, temp\u00e9r\u00e9e par rapport \u00e0 fin 2020, subissant le contrecoup du repli de la demande am\u00e9ricaine adress\u00e9e aux minerais bruts. En revanche, celle des minerais m\u00e9talliques se serait renforc\u00e9e sur fond d\u2019une hausse des quantit\u00e9s export\u00e9es du cuivre, du plomb et du zinc de 21%, 28% et 11%, respectivement, au terme des deux premiers mois de 2021.<\/p>\n<p>Dans l\u2019agriculture, la note fait ressortir que la valeur ajout\u00e9e aurait \u00e9t\u00e9 particuli\u00e8rement dynamique au premier trimestre 2021, affichant une progression de 13,7% en variation annuelle, apr\u00e8s huit trimestres de baisses cons\u00e9cutives. Ce redressement aurait \u00e9t\u00e9, principalement, le fait de la fili\u00e8re v\u00e9g\u00e9tale, notamment les cultures automnales et hivernales, dont les travaux d\u2019implantation et d\u2019ensemencement se seraient d\u00e9roul\u00e9s \u00e0 un rythme soutenu \u00e0 partir de d\u00e9cembre 2020.<\/p>\n<p>Avec des temp\u00e9ratures l\u00e9g\u00e8rement en hausse au premier trimestre 2021 et un exc\u00e9dent pluviom\u00e9trique de 25,8% par rapport \u00e0 la normale, les perspectives de croissance des cultures se seraient am\u00e9lior\u00e9es, portant la hausse de la production v\u00e9g\u00e9tale \u00e0 6,1% par rapport \u00e0 la moyenne quinquennale. En revanche, la production animale aurait pein\u00e9 \u00e0 retrouver sa dynamique de moyen terme, en raison notamment de la poursuite du repli des activit\u00e9s avicoles.<\/p>\n<p>Au premier trimestre 2021, la production des poussins d\u2019un jour aurait r\u00e9gress\u00e9 de 1,8%, en variation annuelle, alors que celle de viandes du poulet de chair se serait repli\u00e9e de 4,9%. La production de viande rouge serait rest\u00e9e, pour sa part, mod\u00e9r\u00e9e, dans un contexte d\u2019am\u00e9lioration des conditions d\u2019\u00e9levage dans les zones Bour incitant \u00e0 une reconstitution plus importante du cheptel et \u00e0 un ralentissement de leur abattage.<\/p>\n<p>Par ailleurs, le HCP souligne que la demande int\u00e9rieure se serait l\u00e9g\u00e8rement redress\u00e9e au premier trimestre 2021. La consommation des m\u00e9nages, qui avait r\u00e9gress\u00e9 de 4,3% au quatri\u00e8me trimestre 2020, se serait redress\u00e9e de 0,8% au premier trimestre 2021, dans le sillage d\u2019un l\u00e9ger redressement des achats de biens manufactur\u00e9s.<\/p>\n<p>La consommation des administrations publiques aurait, pour sa part, progress\u00e9 de 1,8%, au lieu de -0,7% un trimestre plus t\u00f4t, en ligne avec l\u2019accroissement des d\u00e9penses de fonctionnement administratif.\u00a0 L\u2019investissement se serait, en revanche, infl\u00e9chi de 1,9% par rapport \u00e0 l\u2019ann\u00e9e pr\u00e9c\u00e9dente, au lieu de -9,8% un trimestre plus t\u00f4t, p\u00e2tissant du ralentissement de l\u2019\u00e9quipement en produits manufactur\u00e9s et immobiliers.<\/p>\n<p>Auteur: M&rsquo;hammed rahal<br \/>\n<a href=\"http:\/\/albayane.press.ma\/%EF%BB%BFredressement-de-leconomie-de-07.html\">Cliquez ici pour lire l&rsquo;article depuis sa source.<\/a><\/p>\n","protected":false},"excerpt":{"rendered":"<p>Note de conjoncture du Haut-Commissariat au Plan L\u2019activit\u00e9 \u00e9conomique se serait redress\u00e9e de 0,7% au premier trimestre 2021, apr\u00e8s quatre trimestres de baisses successives, estime le Haut-Commissariat au Plan (HCP). Cette \u00e9volution serait attribuable \u00e0 l\u2019accroissement de 13,7% de la valeur ajout\u00e9e agricole, dans un contexte d\u2019une baisse de 1% de la valeur ajout\u00e9e non-agricole, [&hellip;]<\/p>\n","protected":false},"author":1760,"featured_media":0,"comment_status":"closed","ping_status":"closed","sticky":false,"template":"","format":"standard","meta":{"fifu_image_url":"","fifu_image_alt":"","footnotes":""},"categories":[73,54],"tags":[],"class_list":["post-114476","post","type-post","status-publish","format-standard","hentry","category-actualite","category-maroc"],"_links":{"self":[{"href":"https:\/\/linitiative.ca\/International\/wp-json\/wp\/v2\/posts\/114476","targetHints":{"allow":["GET"]}}],"collection":[{"href":"https:\/\/linitiative.ca\/International\/wp-json\/wp\/v2\/posts"}],"about":[{"href":"https:\/\/linitiative.ca\/International\/wp-json\/wp\/v2\/types\/post"}],"author":[{"embeddable":true,"href":"https:\/\/linitiative.ca\/International\/wp-json\/wp\/v2\/users\/1760"}],"replies":[{"embeddable":true,"href":"https:\/\/linitiative.ca\/International\/wp-json\/wp\/v2\/comments?post=114476"}],"version-history":[{"count":0,"href":"https:\/\/linitiative.ca\/International\/wp-json\/wp\/v2\/posts\/114476\/revisions"}],"wp:attachment":[{"href":"https:\/\/linitiative.ca\/International\/wp-json\/wp\/v2\/media?parent=114476"}],"wp:term":[{"taxonomy":"category","embeddable":true,"href":"https:\/\/linitiative.ca\/International\/wp-json\/wp\/v2\/categories?post=114476"},{"taxonomy":"post_tag","embeddable":true,"href":"https:\/\/linitiative.ca\/International\/wp-json\/wp\/v2\/tags?post=114476"}],"curies":[{"name":"wp","href":"https:\/\/api.w.org\/{rel}","templated":true}]}}