{"id":114477,"date":"2021-04-07T05:30:00","date_gmt":"2021-04-07T09:30:00","guid":{"rendered":"https:\/\/linitiative.ca\/International\/ouverture-demain-du-salon-du-livre-mouloud-mammeri\/"},"modified":"2021-04-07T05:30:00","modified_gmt":"2021-04-07T09:30:00","slug":"ouverture-demain-du-salon-du-livre-mouloud-mammeri","status":"publish","type":"post","link":"https:\/\/linitiative.ca\/International\/ouverture-demain-du-salon-du-livre-mouloud-mammeri\/","title":{"rendered":"Ouverture demain du Salon du livre Mouloud-Mammeri"},"content":{"rendered":"<div id=\"originalText\" readability=\"60\">\n<p>La premi\u00e8re \u00e9dition du Salon du livre Mouloud-Mammeri aura lieu du 8 au 10 avril \u00e0 la maison de jeunes d\u2019Ath Yenni, \u00e0 Tizi Ouzou.<\/p>\n<p>Organis\u00e9e par l\u2019Association culturelle et de loisirs des jeunes d\u2019Ath Yenni, en partenariat avec l\u2019APC d\u2019Ath Yenni, l\u2019auberge de jeunes Le Bracelet d\u2019argent, la direction dela\u00a0 culture\u00a0 de\u00a0 Tizi Ouzou\u00a0 et\u00a0 l\u2019APW, cette\u00a0 rencontre\u00a0 verra la participation de plus de 50 auteurs, dont des \u00e9crivains, et pr\u00e8s de 20 maisons d\u2019\u00e9dition.<\/p>\n<p>Au programme, des conf\u00e9rences-d\u00e9bats, des ateliers d\u2019\u00e9criture, de contes sur les droits de l\u2019enfant, de\u00a0 bande\u00a0 dessin\u00e9e, de dessin et de lecture, mais aussi un\u00a0 r\u00e9cital\u00a0 de\u00a0 chants,\u00a0 en\u00a0 sus\u00a0 d\u2019un\u00a0 concours\u00a0 de\u00a0 culture\u00a0 g\u00e9n\u00e9rale\u00a0 pour coll\u00e9giens.<\/p>\n<p>Les\u00a0 organisateurs\u00a0 ont\u00a0 concoct\u00e9\u00a0 \u00a0un\u00a0 riche\u00a0 programme,\u00a0 d\u2019autant\u00a0 que\u00a0 cette premi\u00e8re \u00e9dition \u00e9tait tr\u00e8s attendue pour rendre hommage \u00e0 un monument de la culture amazighe.<\/p>\n<\/div>\n<div id=\"text_core\" readability=\"60\">\n<p>La premi\u00e8re \u00e9dition du Salon du livre Mouloud-Mammeri aura lieu du 8 au 10 avril \u00e0 la maison de jeunes d\u2019Ath Yenni, \u00e0 Tizi Ouzou.<\/p>\n<p>Organis\u00e9e par l\u2019Association culturelle et de loisirs des jeunes d\u2019Ath Yenni, en partenariat avec l\u2019APC d\u2019Ath Yenni, l\u2019auberge de jeunes Le Bracelet d\u2019argent, la direction dela\u00a0 culture\u00a0 de\u00a0 Tizi Ouzou\u00a0 et\u00a0 l\u2019APW, cette\u00a0 rencontre\u00a0 verra la participation de plus de 50 auteurs, dont des \u00e9crivains, et pr\u00e8s de 20 maisons d\u2019\u00e9dition.<\/p>\n<p>Au programme, des conf\u00e9rences-d\u00e9bats, des ateliers d\u2019\u00e9criture, de contes sur les droits de l\u2019enfant, de\u00a0 bande\u00a0 dessin\u00e9e, de dessin et de lecture, mais aussi un\u00a0 r\u00e9cital\u00a0 de\u00a0 chants,\u00a0 en\u00a0 sus\u00a0 d\u2019un\u00a0 concours\u00a0 de\u00a0 culture\u00a0 g\u00e9n\u00e9rale\u00a0 pour coll\u00e9giens.<\/p>\n<p>Les\u00a0 organisateurs\u00a0 ont\u00a0 concoct\u00e9\u00a0 \u00a0un\u00a0 riche\u00a0 programme,\u00a0 d\u2019autant\u00a0 que\u00a0 cette premi\u00e8re \u00e9dition \u00e9tait tr\u00e8s attendue pour rendre hommage \u00e0 un monument de la culture amazighe.<\/p>\n<\/div>\n<p>Auteur:<br \/>\n<a href=\"https:\/\/www.liberte-algerie.com\/radar\/ouverture-demain-du-salon-du-livre-mouloud-mammeri-356785\">Cliquez ici pour lire l&rsquo;article depuis sa source.<\/a><\/p>\n","protected":false},"excerpt":{"rendered":"<p>La premi\u00e8re \u00e9dition du Salon du livre Mouloud-Mammeri aura lieu du 8 au 10 avril \u00e0 la maison de jeunes d\u2019Ath Yenni, \u00e0 Tizi Ouzou. Organis\u00e9e par l\u2019Association culturelle et de loisirs des jeunes d\u2019Ath Yenni, en partenariat avec l\u2019APC d\u2019Ath Yenni, l\u2019auberge de jeunes Le Bracelet d\u2019argent, la direction dela\u00a0 culture\u00a0 de\u00a0 Tizi Ouzou\u00a0 [&hellip;]<\/p>\n","protected":false},"author":1742,"featured_media":0,"comment_status":"closed","ping_status":"closed","sticky":false,"template":"","format":"standard","meta":{"fifu_image_url":"","fifu_image_alt":"","footnotes":""},"categories":[73,53],"tags":[],"class_list":["post-114477","post","type-post","status-publish","format-standard","hentry","category-actualite","category-algerie"],"_links":{"self":[{"href":"https:\/\/linitiative.ca\/International\/wp-json\/wp\/v2\/posts\/114477","targetHints":{"allow":["GET"]}}],"collection":[{"href":"https:\/\/linitiative.ca\/International\/wp-json\/wp\/v2\/posts"}],"about":[{"href":"https:\/\/linitiative.ca\/International\/wp-json\/wp\/v2\/types\/post"}],"author":[{"embeddable":true,"href":"https:\/\/linitiative.ca\/International\/wp-json\/wp\/v2\/users\/1742"}],"replies":[{"embeddable":true,"href":"https:\/\/linitiative.ca\/International\/wp-json\/wp\/v2\/comments?post=114477"}],"version-history":[{"count":0,"href":"https:\/\/linitiative.ca\/International\/wp-json\/wp\/v2\/posts\/114477\/revisions"}],"wp:attachment":[{"href":"https:\/\/linitiative.ca\/International\/wp-json\/wp\/v2\/media?parent=114477"}],"wp:term":[{"taxonomy":"category","embeddable":true,"href":"https:\/\/linitiative.ca\/International\/wp-json\/wp\/v2\/categories?post=114477"},{"taxonomy":"post_tag","embeddable":true,"href":"https:\/\/linitiative.ca\/International\/wp-json\/wp\/v2\/tags?post=114477"}],"curies":[{"name":"wp","href":"https:\/\/api.w.org\/{rel}","templated":true}]}}