{"id":114480,"date":"2021-04-07T05:30:00","date_gmt":"2021-04-07T09:30:00","guid":{"rendered":"https:\/\/linitiative.ca\/International\/les-syndicats-de-la-sante-obtiennent-gain-de-cause\/"},"modified":"2021-04-07T05:30:00","modified_gmt":"2021-04-07T09:30:00","slug":"les-syndicats-de-la-sante-obtiennent-gain-de-cause","status":"publish","type":"post","link":"https:\/\/linitiative.ca\/International\/les-syndicats-de-la-sante-obtiennent-gain-de-cause\/","title":{"rendered":"Les syndicats de la sant\u00e9 obtiennent gain de cause"},"content":{"rendered":"<div id=\"originalText\" readability=\"50\">\n<p>Le ministre de la Sant\u00e9, de la Population et\u00a0 de\u00a0 la\u00a0 R\u00e9forme hospitali\u00e8re, Abderrahmane Benbouzid, a annonc\u00e9, hier, \u00e0 la Radio nationale que la prime de la Covid-19 sera prochainement vers\u00e9e au profit des personnels de la sant\u00e9 publique.<\/p>\n<p>\u201cUne instruction\u00a0 du\u00a0 Premier ministre\u00a0 a\u00a0 \u00e9t\u00e9 adress\u00e9e aux tenants des finances et le n\u00e9cessaire est fait, a rassur\u00e9 le ministre de la Sant\u00e9\u201d au lendemain d\u2019une rencontre avec les syndicats du secteur.<\/p>\n<p>L\u2019annonce intervient alors que trois syndicats du secteur de la sant\u00e9 (SNPSP, Snechu et SAP) envisagent d\u2019observer aujourd\u2019hui une gr\u00e8ve de protestation afin de reclamer la satisfaction de dol\u00e9ances, notamment le versement de la troisi\u00e8me tranche de la prime Covid-19.<\/p>\n<\/div>\n<div id=\"text_core\" readability=\"50\">\n<p>Le ministre de la Sant\u00e9, de la Population et\u00a0 de\u00a0 la\u00a0 R\u00e9forme hospitali\u00e8re, Abderrahmane Benbouzid, a annonc\u00e9, hier, \u00e0 la Radio nationale que la prime de la Covid-19 sera prochainement vers\u00e9e au profit des personnels de la sant\u00e9 publique.<\/p>\n<p>\u201cUne instruction\u00a0 du\u00a0 Premier ministre\u00a0 a\u00a0 \u00e9t\u00e9 adress\u00e9e aux tenants des finances et le n\u00e9cessaire est fait, a rassur\u00e9 le ministre de la Sant\u00e9\u201d au lendemain d\u2019une rencontre avec les syndicats du secteur.<\/p>\n<p>L\u2019annonce intervient alors que trois syndicats du secteur de la sant\u00e9 (SNPSP, Snechu et SAP) envisagent d\u2019observer aujourd\u2019hui une gr\u00e8ve de protestation afin de reclamer la satisfaction de dol\u00e9ances, notamment le versement de la troisi\u00e8me tranche de la prime Covid-19.<\/p>\n<\/div>\n<p>Auteur:<br \/>\n<a href=\"https:\/\/www.liberte-algerie.com\/radar\/les-syndicats-de-la-sante-obtiennent-gain-de-cause-356782\">Cliquez ici pour lire l&rsquo;article depuis sa source.<\/a><\/p>\n","protected":false},"excerpt":{"rendered":"<p>Le ministre de la Sant\u00e9, de la Population et\u00a0 de\u00a0 la\u00a0 R\u00e9forme hospitali\u00e8re, Abderrahmane Benbouzid, a annonc\u00e9, hier, \u00e0 la Radio nationale que la prime de la Covid-19 sera prochainement vers\u00e9e au profit des personnels de la sant\u00e9 publique. \u201cUne instruction\u00a0 du\u00a0 Premier ministre\u00a0 a\u00a0 \u00e9t\u00e9 adress\u00e9e aux tenants des finances et le n\u00e9cessaire est [&hellip;]<\/p>\n","protected":false},"author":1742,"featured_media":0,"comment_status":"closed","ping_status":"closed","sticky":false,"template":"","format":"standard","meta":{"fifu_image_url":"","fifu_image_alt":"","footnotes":""},"categories":[73,53],"tags":[],"class_list":["post-114480","post","type-post","status-publish","format-standard","hentry","category-actualite","category-algerie"],"_links":{"self":[{"href":"https:\/\/linitiative.ca\/International\/wp-json\/wp\/v2\/posts\/114480","targetHints":{"allow":["GET"]}}],"collection":[{"href":"https:\/\/linitiative.ca\/International\/wp-json\/wp\/v2\/posts"}],"about":[{"href":"https:\/\/linitiative.ca\/International\/wp-json\/wp\/v2\/types\/post"}],"author":[{"embeddable":true,"href":"https:\/\/linitiative.ca\/International\/wp-json\/wp\/v2\/users\/1742"}],"replies":[{"embeddable":true,"href":"https:\/\/linitiative.ca\/International\/wp-json\/wp\/v2\/comments?post=114480"}],"version-history":[{"count":0,"href":"https:\/\/linitiative.ca\/International\/wp-json\/wp\/v2\/posts\/114480\/revisions"}],"wp:attachment":[{"href":"https:\/\/linitiative.ca\/International\/wp-json\/wp\/v2\/media?parent=114480"}],"wp:term":[{"taxonomy":"category","embeddable":true,"href":"https:\/\/linitiative.ca\/International\/wp-json\/wp\/v2\/categories?post=114480"},{"taxonomy":"post_tag","embeddable":true,"href":"https:\/\/linitiative.ca\/International\/wp-json\/wp\/v2\/tags?post=114480"}],"curies":[{"name":"wp","href":"https:\/\/api.w.org\/{rel}","templated":true}]}}